{"id":1162,"date":"2019-12-21T12:16:58","date_gmt":"2019-12-21T11:16:58","guid":{"rendered":"https:\/\/lampda.fr\/?p=1162"},"modified":"2019-12-21T12:16:58","modified_gmt":"2019-12-21T11:16:58","slug":"cest-les-vacances","status":"publish","type":"post","link":"https:\/\/lampda.fr\/index.php\/2019\/12\/21\/cest-les-vacances\/","title":{"rendered":"C&rsquo;est les vacances ! :)"},"content":{"rendered":"\n<p>C&rsquo;est les vacances ! Les exp\u00e9ditions des commandes en ligne reprendront le 31 d\u00e9cembre pour illuminer la d\u00e9co des nouveaux adoptants LAMPDA. <a href=\"https:\/\/lampda.fr\/index.php\/boutique\/\">Nos boutiques partenaires restent ouvertes<\/a> \ud83d\ude09<\/p>\n\n\n\n<p>Nous vous souhaitons de belles f\u00eates de fin d&rsquo;ann\u00e9e !<\/p>\n\n\n\n<figure class=\"wp-block-image\"><img data-recalc-dims=\"1\" decoding=\"async\" data-src=\"https:\/\/i0.wp.com\/www.souvenirs-de-vacances.com\/wp-content\/uploads\/2013\/02\/ski.jpg?w=980&#038;ssl=1\" alt=\"R\u00e9sultat de recherche d'images pour &quot;vacances ski&quot;\" src=\"data:image\/svg+xml;base64,PHN2ZyB3aWR0aD0iMSIgaGVpZ2h0PSIxIiB4bWxucz0iaHR0cDovL3d3dy53My5vcmcvMjAwMC9zdmciPjwvc3ZnPg==\" class=\"lazyload\" \/><\/figure>\n","protected":false},"excerpt":{"rendered":"<p>C&rsquo;est les vacances ! Les exp\u00e9ditions des commandes en ligne reprendront le 31 d\u00e9cembre pour illuminer la d\u00e9co des nouveaux adoptants LAMPDA. Nos boutiques partenaires restent ouvertes \ud83d\ude09 Nous vous souhaitons de belles f\u00eates de fin d&rsquo;ann\u00e9e !<\/p>\n","protected":false},"author":1,"featured_media":0,"comment_status":"open","ping_status":"open","sticky":false,"template":"","format":"standard","meta":{"_monsterinsights_skip_tracking":false,"_monsterinsights_sitenote_active":false,"_monsterinsights_sitenote_note":"","_monsterinsights_sitenote_category":0,"_uf_show_specific_survey":0,"_uf_disable_surveys":false,"jetpack_post_was_ever_published":false,"_jetpack_newsletter_access":"","_jetpack_dont_email_post_to_subs":false,"_jetpack_newsletter_tier_id":0,"_jetpack_memberships_contains_paywalled_content":false,"_jetpack_memberships_contains_paid_content":false,"footnotes":"","jetpack_publicize_message":"","jetpack_publicize_feature_enabled":true,"jetpack_social_post_already_shared":true,"jetpack_social_options":{"image_generator_settings":{"template":"highway","default_image_id":0,"font":"","enabled":false},"version":2}},"categories":[1],"tags":[],"class_list":["post-1162","post","type-post","status-publish","format-standard","hentry","category-non-classe"],"jetpack_publicize_connections":[],"jetpack_featured_media_url":"","jetpack_sharing_enabled":true,"jetpack_shortlink":"https:\/\/wp.me\/p9Ss9A-iK","jetpack-related-posts":[{"id":978,"url":"https:\/\/lampda.fr\/index.php\/2019\/12\/06\/lampda-avec-vous-pour-noel\/","url_meta":{"origin":1162,"position":0},"title":"LAMPDA avec vous pour No\u00ebl :)","author":"Monsieur Lampda","date":"6 d\u00e9cembre 2019","format":false,"excerpt":"Des diiizaines de lampes sont parties de l'atelier pour garnir les hottes des P\u00e8res No\u00ebl \u00e9coresponsables ;) Retrouvez les derni\u00e8res cr\u00e9ations sur la boutique en ligne et dans nos boutiques partenaires (toutes les infos en cliquant). Offrez (vous) du local, du fait main et de l'upcycl\u00e9 ;)Et comme depuis le\u2026","rel":"","context":"Dans &quot;Non class\u00e9&quot;","block_context":{"text":"Non class\u00e9","link":"https:\/\/lampda.fr\/index.php\/category\/non-classe\/"},"img":{"alt_text":"","src":"https:\/\/i0.wp.com\/lampda.fr\/wp-content\/uploads\/2019\/12\/Capture-d%E2%80%99e%CC%81cran-2019-12-06-a%CC%80-14.04.56.png?resize=350%2C200&ssl=1","width":350,"height":200,"srcset":"https:\/\/i0.wp.com\/lampda.fr\/wp-content\/uploads\/2019\/12\/Capture-d%E2%80%99e%CC%81cran-2019-12-06-a%CC%80-14.04.56.png?resize=350%2C200&ssl=1 1x, https:\/\/i0.wp.com\/lampda.fr\/wp-content\/uploads\/2019\/12\/Capture-d%E2%80%99e%CC%81cran-2019-12-06-a%CC%80-14.04.56.png?resize=525%2C300&ssl=1 1.5x, https:\/\/i0.wp.com\/lampda.fr\/wp-content\/uploads\/2019\/12\/Capture-d%E2%80%99e%CC%81cran-2019-12-06-a%CC%80-14.04.56.png?resize=700%2C400&ssl=1 2x, https:\/\/i0.wp.com\/lampda.fr\/wp-content\/uploads\/2019\/12\/Capture-d%E2%80%99e%CC%81cran-2019-12-06-a%CC%80-14.04.56.png?resize=1050%2C600&ssl=1 3x"},"classes":[]},{"id":3743,"url":"https:\/\/lampda.fr\/index.php\/2020\/10\/29\/les-amis-createurs\/","url_meta":{"origin":1162,"position":1},"title":"Les amis cr\u00e9ateurs","author":"Monsieur Lampda","date":"29 octobre 2020","format":false,"excerpt":"L'annonce lourde de cons\u00e9quences est tomb\u00e9e. Le confinement est \u00e0 nouveau de mise et les suites s'annoncent tr\u00e8s compliqu\u00e9es pour nombre d'entre nous. Nous souhaitons bon courage aux g\u00e9rants des belles boutiques sans qui nous n'aurions pas le plaisir de faire briller vos yeux. La France est un beau pays\u2026","rel":"","context":"Dans &quot;Non class\u00e9&quot;","block_context":{"text":"Non class\u00e9","link":"https:\/\/lampda.fr\/index.php\/category\/non-classe\/"},"img":{"alt_text":"","src":"","width":0,"height":0},"classes":[]},{"id":3586,"url":"https:\/\/lampda.fr\/index.php\/2020\/10\/21\/du-nouveau\/","url_meta":{"origin":1162,"position":2},"title":"Du nouveau","author":"Monsieur Lampda","date":"21 octobre 2020","format":false,"excerpt":"Cela fait maintenant un petit moment que je n'ai pas publi\u00e9 dans cette fameuse rubrique actualit\u00e9s. Je suis toutefois bien toujours l\u00e0, au service des beaux objets \u00e0 mettre en lumi\u00e8re qui n'attendent que votre belle d\u00e9co pour \u00eatre adopt\u00e9s. Il y a d'ailleurs de nouveaux points de vente, n'h\u00e9sitez\u2026","rel":"","context":"Dans &quot;Non class\u00e9&quot;","block_context":{"text":"Non class\u00e9","link":"https:\/\/lampda.fr\/index.php\/category\/non-classe\/"},"img":{"alt_text":"","src":"","width":0,"height":0},"classes":[]},{"id":769,"url":"https:\/\/lampda.fr\/index.php\/2019\/04\/26\/salon-des-createurs-et-des-saveurs-puteaux-92\/","url_meta":{"origin":1162,"position":3},"title":"Salon des Cr\u00e9ateurs et des Saveurs &#8211; Puteaux (92)","author":"Monsieur Lampda","date":"26 avril 2019","format":false,"excerpt":"Lampda est de retour au magnifique Salon des Cr\u00e9ateurs de Puteaux. Une belle cinquantaine d\u2019exposants au rendez-vous avec de quoi (vous) faire plaisir aux yeux et au palet... Et \u00e0 une semaine de la f\u00eate des mamans, \u00e7a serait dommage de le louper ;) RdV les 17,18 et 19 Mai\u2026","rel":"","context":"Dans &quot;Non class\u00e9&quot;","block_context":{"text":"Non class\u00e9","link":"https:\/\/lampda.fr\/index.php\/category\/non-classe\/"},"img":{"alt_text":"","src":"https:\/\/i0.wp.com\/lampda.fr\/wp-content\/uploads\/2019\/04\/EA4B6954-F1D7-4FF6-B2BD-4EC202189CC1.jpeg?resize=350%2C200&ssl=1","width":350,"height":200,"srcset":"https:\/\/i0.wp.com\/lampda.fr\/wp-content\/uploads\/2019\/04\/EA4B6954-F1D7-4FF6-B2BD-4EC202189CC1.jpeg?resize=350%2C200&ssl=1 1x, https:\/\/i0.wp.com\/lampda.fr\/wp-content\/uploads\/2019\/04\/EA4B6954-F1D7-4FF6-B2BD-4EC202189CC1.jpeg?resize=525%2C300&ssl=1 1.5x, https:\/\/i0.wp.com\/lampda.fr\/wp-content\/uploads\/2019\/04\/EA4B6954-F1D7-4FF6-B2BD-4EC202189CC1.jpeg?resize=700%2C400&ssl=1 2x, https:\/\/i0.wp.com\/lampda.fr\/wp-content\/uploads\/2019\/04\/EA4B6954-F1D7-4FF6-B2BD-4EC202189CC1.jpeg?resize=1050%2C600&ssl=1 3x"},"classes":[]},{"id":1856,"url":"https:\/\/lampda.fr\/index.php\/2020\/02\/10\/lampda-x-hec-paris\/","url_meta":{"origin":1162,"position":4},"title":"LAMPDA x HEC Paris","author":"Monsieur Lampda","date":"10 f\u00e9vrier 2020","format":false,"excerpt":"LAMPDA est fier de participer \u00e0 l\u2019\u00e9v\u00e9nement Earth Week organis\u00e9 par les associations \u00e9tudiante d\u2019HEC Paris. Nous promouvons ensemble l\u2019upcycling et que et la consommation raisonn\u00e9e \ud83d\udca1\ud83c\udfe1Quelques lampes y sont pr\u00e9sent\u00e9es et des documents permettent de mieux comprendre notre d\u00e9marche \u267b\ufe0f Toutes les infos ici \ud83d\udc48","rel":"","context":"Dans &quot;Non class\u00e9&quot;","block_context":{"text":"Non class\u00e9","link":"https:\/\/lampda.fr\/index.php\/category\/non-classe\/"},"img":{"alt_text":"","src":"https:\/\/i0.wp.com\/lampda.fr\/wp-content\/uploads\/2020\/02\/B2EC3030-9C65-46D3-AEB6-06DCA71BF532.jpeg?resize=350%2C200&ssl=1","width":350,"height":200,"srcset":"https:\/\/i0.wp.com\/lampda.fr\/wp-content\/uploads\/2020\/02\/B2EC3030-9C65-46D3-AEB6-06DCA71BF532.jpeg?resize=350%2C200&ssl=1 1x, https:\/\/i0.wp.com\/lampda.fr\/wp-content\/uploads\/2020\/02\/B2EC3030-9C65-46D3-AEB6-06DCA71BF532.jpeg?resize=525%2C300&ssl=1 1.5x, https:\/\/i0.wp.com\/lampda.fr\/wp-content\/uploads\/2020\/02\/B2EC3030-9C65-46D3-AEB6-06DCA71BF532.jpeg?resize=700%2C400&ssl=1 2x, https:\/\/i0.wp.com\/lampda.fr\/wp-content\/uploads\/2020\/02\/B2EC3030-9C65-46D3-AEB6-06DCA71BF532.jpeg?resize=1050%2C600&ssl=1 3x, https:\/\/i0.wp.com\/lampda.fr\/wp-content\/uploads\/2020\/02\/B2EC3030-9C65-46D3-AEB6-06DCA71BF532.jpeg?resize=1400%2C800&ssl=1 4x"},"classes":[]},{"id":575,"url":"https:\/\/lampda.fr\/index.php\/2018\/08\/03\/salon-de-la-decoration-et-des-metiers-dart-rueil-malmaison-92\/","url_meta":{"origin":1162,"position":5},"title":"Salon de la D\u00e9coration et des M\u00e9tiers d&rsquo;Art &#8211; Rueil Malmaison (92)","author":"Monsieur Lampda","date":"3 ao\u00fbt 2018","format":false,"excerpt":"Lampda expose les 22 et 23 septembre 2018 au beau et grand Salon de la D\u00e9coration et des M\u00e9tiers D'art de Rueil Malmaison. Pour recevoir une invitation, contactez-nous :)","rel":"","context":"Dans &quot;Non class\u00e9&quot;","block_context":{"text":"Non class\u00e9","link":"https:\/\/lampda.fr\/index.php\/category\/non-classe\/"},"img":{"alt_text":"","src":"","width":0,"height":0},"classes":[]}],"_links":{"self":[{"href":"https:\/\/lampda.fr\/index.php\/wp-json\/wp\/v2\/posts\/1162","targetHints":{"allow":["GET"]}}],"collection":[{"href":"https:\/\/lampda.fr\/index.php\/wp-json\/wp\/v2\/posts"}],"about":[{"href":"https:\/\/lampda.fr\/index.php\/wp-json\/wp\/v2\/types\/post"}],"author":[{"embeddable":true,"href":"https:\/\/lampda.fr\/index.php\/wp-json\/wp\/v2\/users\/1"}],"replies":[{"embeddable":true,"href":"https:\/\/lampda.fr\/index.php\/wp-json\/wp\/v2\/comments?post=1162"}],"version-history":[{"count":1,"href":"https:\/\/lampda.fr\/index.php\/wp-json\/wp\/v2\/posts\/1162\/revisions"}],"predecessor-version":[{"id":1164,"href":"https:\/\/lampda.fr\/index.php\/wp-json\/wp\/v2\/posts\/1162\/revisions\/1164"}],"wp:attachment":[{"href":"https:\/\/lampda.fr\/index.php\/wp-json\/wp\/v2\/media?parent=1162"}],"wp:term":[{"taxonomy":"category","embeddable":true,"href":"https:\/\/lampda.fr\/index.php\/wp-json\/wp\/v2\/categories?post=1162"},{"taxonomy":"post_tag","embeddable":true,"href":"https:\/\/lampda.fr\/index.php\/wp-json\/wp\/v2\/tags?post=1162"}],"curies":[{"name":"wp","href":"https:\/\/api.w.org\/{rel}","templated":true}]}}