{"id":1856,"date":"2020-02-10T10:56:13","date_gmt":"2020-02-10T09:56:13","guid":{"rendered":"https:\/\/lampda.fr\/?p=1856"},"modified":"2020-02-10T10:56:13","modified_gmt":"2020-02-10T09:56:13","slug":"lampda-x-hec-paris","status":"publish","type":"post","link":"https:\/\/lampda.fr\/index.php\/2020\/02\/10\/lampda-x-hec-paris\/","title":{"rendered":"LAMPDA x HEC Paris"},"content":{"rendered":"\n<p>LAMPDA est fier de participer \u00e0 l\u2019\u00e9v\u00e9nement Earth Week organis\u00e9 par les associations \u00e9tudiante d\u2019HEC Paris. Nous promouvons ensemble l\u2019upcycling et que et la consommation raisonn\u00e9e \ud83d\udca1\ud83c\udfe1<br>Quelques lampes y sont pr\u00e9sent\u00e9es et des documents permettent de mieux comprendre notre d\u00e9marche \u267b\ufe0f<\/p>\n\n\n\n<figure class=\"wp-block-image size-large\"><img fetchpriority=\"high\" decoding=\"async\" width=\"1920\" height=\"758\" data-attachment-id=\"1858\" data-permalink=\"https:\/\/lampda.fr\/index.php\/2020\/02\/10\/lampda-x-hec-paris\/b2ec3030-9c65-46d3-aeb6-06dca71bf532\/\" data-orig-file=\"https:\/\/i0.wp.com\/lampda.fr\/wp-content\/uploads\/2020\/02\/B2EC3030-9C65-46D3-AEB6-06DCA71BF532.jpeg?fit=1920%2C758&amp;ssl=1\" data-orig-size=\"1920,758\" data-comments-opened=\"1\" data-image-meta=\"{&quot;aperture&quot;:&quot;0&quot;,&quot;credit&quot;:&quot;&quot;,&quot;camera&quot;:&quot;&quot;,&quot;caption&quot;:&quot;&quot;,&quot;created_timestamp&quot;:&quot;1578915989&quot;,&quot;copyright&quot;:&quot;&quot;,&quot;focal_length&quot;:&quot;0&quot;,&quot;iso&quot;:&quot;0&quot;,&quot;shutter_speed&quot;:&quot;0&quot;,&quot;title&quot;:&quot;&quot;,&quot;orientation&quot;:&quot;1&quot;}\" data-image-title=\"B2EC3030-9C65-46D3-AEB6-06DCA71BF532\" data-image-description=\"\" data-image-caption=\"\" data-large-file=\"https:\/\/i0.wp.com\/lampda.fr\/wp-content\/uploads\/2020\/02\/B2EC3030-9C65-46D3-AEB6-06DCA71BF532.jpeg?fit=980%2C387&amp;ssl=1\" src=\"https:\/\/i0.wp.com\/lampda.fr\/wp-content\/uploads\/2020\/02\/B2EC3030-9C65-46D3-AEB6-06DCA71BF532.jpeg?fit=584%2C230&amp;ssl=1\" alt=\"\" class=\"wp-image-1858\" srcset=\"https:\/\/i0.wp.com\/lampda.fr\/wp-content\/uploads\/2020\/02\/B2EC3030-9C65-46D3-AEB6-06DCA71BF532.jpeg?w=1920&amp;ssl=1 1920w, https:\/\/i0.wp.com\/lampda.fr\/wp-content\/uploads\/2020\/02\/B2EC3030-9C65-46D3-AEB6-06DCA71BF532.jpeg?resize=300%2C118&amp;ssl=1 300w, https:\/\/i0.wp.com\/lampda.fr\/wp-content\/uploads\/2020\/02\/B2EC3030-9C65-46D3-AEB6-06DCA71BF532.jpeg?resize=1024%2C404&amp;ssl=1 1024w, https:\/\/i0.wp.com\/lampda.fr\/wp-content\/uploads\/2020\/02\/B2EC3030-9C65-46D3-AEB6-06DCA71BF532.jpeg?resize=768%2C303&amp;ssl=1 768w, https:\/\/i0.wp.com\/lampda.fr\/wp-content\/uploads\/2020\/02\/B2EC3030-9C65-46D3-AEB6-06DCA71BF532.jpeg?resize=1536%2C606&amp;ssl=1 1536w, https:\/\/i0.wp.com\/lampda.fr\/wp-content\/uploads\/2020\/02\/B2EC3030-9C65-46D3-AEB6-06DCA71BF532.jpeg?resize=600%2C237&amp;ssl=1 600w\" sizes=\"(max-width: 980px) 100vw, 980px\" \/><figcaption><a href=\"https:\/\/www.hec.edu\/fr\/news-room\/hec-earth-week-2020\">Toutes les infos ici \ud83d\udc48 <\/a><\/figcaption><\/figure>\n","protected":false},"excerpt":{"rendered":"<p>LAMPDA est fier de participer \u00e0 l\u2019\u00e9v\u00e9nement Earth Week organis\u00e9 par les associations \u00e9tudiante d\u2019HEC Paris. Nous promouvons ensemble l\u2019upcycling et que et la consommation raisonn\u00e9e \ud83d\udca1\ud83c\udfe1Quelques lampes y sont pr\u00e9sent\u00e9es et des documents permettent de mieux comprendre notre d\u00e9marche \u267b\ufe0f<\/p>\n","protected":false},"author":1,"featured_media":0,"comment_status":"open","ping_status":"open","sticky":false,"template":"","format":"standard","meta":{"_monsterinsights_skip_tracking":false,"_monsterinsights_sitenote_active":false,"_monsterinsights_sitenote_note":"","_monsterinsights_sitenote_category":0,"_uf_show_specific_survey":0,"_uf_disable_surveys":false,"jetpack_post_was_ever_published":false,"_jetpack_newsletter_access":"","_jetpack_dont_email_post_to_subs":false,"_jetpack_newsletter_tier_id":0,"_jetpack_memberships_contains_paywalled_content":false,"_jetpack_memberships_contains_paid_content":false,"footnotes":"","jetpack_publicize_message":"","jetpack_publicize_feature_enabled":true,"jetpack_social_post_already_shared":true,"jetpack_social_options":{"image_generator_settings":{"template":"highway","default_image_id":0,"font":"","enabled":false},"version":2}},"categories":[1],"tags":[],"class_list":["post-1856","post","type-post","status-publish","format-standard","hentry","category-non-classe"],"jetpack_publicize_connections":[],"jetpack_featured_media_url":"","jetpack_sharing_enabled":true,"jetpack_shortlink":"https:\/\/wp.me\/p9Ss9A-tW","jetpack-related-posts":[{"id":676,"url":"https:\/\/lampda.fr\/index.php\/2018\/11\/04\/vernissage-de-la-magie-a-paris\/","url_meta":{"origin":1856,"position":0},"title":"Vernissage &#8211; De la Magie \u00e0 Paris","author":"Monsieur Lampda","date":"4 novembre 2018","format":false,"excerpt":"LAMPDA et les autres cr\u00e9ateurs de la boutique \u00e9ph\u00e9m\u00e8re \"De la Magie \u00e0 Paris\" organisent un vernissage vendredi 09\/11\/2018. Soyez les bienvenus pour d\u00e9couvrir nos derni\u00e8res nouveaut\u00e9s dans une boutique absolument magnifique et pleine des belles \u00e9nergies de Virginie, notre organisatrice de g\u00e9nie :) Rendez-vous au 30 rue du Ch\u00e2teau\u2026","rel":"","context":"Dans &quot;Non class\u00e9&quot;","block_context":{"text":"Non class\u00e9","link":"https:\/\/lampda.fr\/index.php\/category\/non-classe\/"},"img":{"alt_text":"","src":"","width":0,"height":0},"classes":[]},{"id":895,"url":"https:\/\/lampda.fr\/index.php\/2019\/10\/05\/de-nouvelles-boutiques\/","url_meta":{"origin":1856,"position":1},"title":"De nouvelles boutiques :)","author":"Monsieur Lampda","date":"5 octobre 2019","format":false,"excerpt":"LAMPDA s'installe dans...trois nouvelles boutiques ! Plus de 50 nouvelles cr\u00e9ations rejoignent ces boutiques toutes neuves et toutes belles. Allez les visiter :) Pooow Espace Cr\u00e9ateurs - Passage du Havre - 109 rue Saint-Lazare, Paris IX - Beaucoup de choix :) Pooow Espace Cr\u00e9ateurs - Centre commercial So Ouest -\u2026","rel":"","context":"Dans &quot;Non class\u00e9&quot;","block_context":{"text":"Non class\u00e9","link":"https:\/\/lampda.fr\/index.php\/category\/non-classe\/"},"img":{"alt_text":"","src":"","width":0,"height":0},"classes":[]},{"id":153,"url":"https:\/\/lampda.fr\/index.php\/2018\/05\/02\/villages-nature-paris-77\/","url_meta":{"origin":1856,"position":2},"title":"Villages Nature Paris (77)","author":"Monsieur Lampda","date":"2 mai 2018","format":false,"excerpt":"Lampda exposera pour le premier d'une longue et belle s\u00e9rie de march\u00e9s au coeur des Villages Nature, au portes de Disneyland Paris. Cette \u00e9v\u00e8nement est r\u00e9serv\u00e9 aux pensionnaires du complexe.","rel":"","context":"Dans &quot;Non class\u00e9&quot;","block_context":{"text":"Non class\u00e9","link":"https:\/\/lampda.fr\/index.php\/category\/non-classe\/"},"img":{"alt_text":"R\u00e9sultat de recherche d'images pour \"villages nature paris\"","src":"https:\/\/i0.wp.com\/www.isic.fr\/media\/benefits\/2\/2380_product_scale_365x365.jpg?resize=350%2C200&ssl=1","width":350,"height":200},"classes":[]},{"id":978,"url":"https:\/\/lampda.fr\/index.php\/2019\/12\/06\/lampda-avec-vous-pour-noel\/","url_meta":{"origin":1856,"position":3},"title":"LAMPDA avec vous pour No\u00ebl :)","author":"Monsieur Lampda","date":"6 d\u00e9cembre 2019","format":false,"excerpt":"Des diiizaines de lampes sont parties de l'atelier pour garnir les hottes des P\u00e8res No\u00ebl \u00e9coresponsables ;) Retrouvez les derni\u00e8res cr\u00e9ations sur la boutique en ligne et dans nos boutiques partenaires (toutes les infos en cliquant). Offrez (vous) du local, du fait main et de l'upcycl\u00e9 ;)Et comme depuis le\u2026","rel":"","context":"Dans &quot;Non class\u00e9&quot;","block_context":{"text":"Non class\u00e9","link":"https:\/\/lampda.fr\/index.php\/category\/non-classe\/"},"img":{"alt_text":"","src":"https:\/\/i0.wp.com\/lampda.fr\/wp-content\/uploads\/2019\/12\/Capture-d%E2%80%99e%CC%81cran-2019-12-06-a%CC%80-14.04.56.png?resize=350%2C200&ssl=1","width":350,"height":200,"srcset":"https:\/\/i0.wp.com\/lampda.fr\/wp-content\/uploads\/2019\/12\/Capture-d%E2%80%99e%CC%81cran-2019-12-06-a%CC%80-14.04.56.png?resize=350%2C200&ssl=1 1x, https:\/\/i0.wp.com\/lampda.fr\/wp-content\/uploads\/2019\/12\/Capture-d%E2%80%99e%CC%81cran-2019-12-06-a%CC%80-14.04.56.png?resize=525%2C300&ssl=1 1.5x, https:\/\/i0.wp.com\/lampda.fr\/wp-content\/uploads\/2019\/12\/Capture-d%E2%80%99e%CC%81cran-2019-12-06-a%CC%80-14.04.56.png?resize=700%2C400&ssl=1 2x, https:\/\/i0.wp.com\/lampda.fr\/wp-content\/uploads\/2019\/12\/Capture-d%E2%80%99e%CC%81cran-2019-12-06-a%CC%80-14.04.56.png?resize=1050%2C600&ssl=1 3x"},"classes":[]},{"id":593,"url":"https:\/\/lampda.fr\/index.php\/2018\/09\/25\/marches-de-noel\/","url_meta":{"origin":1856,"position":4},"title":"March\u00e9s de No\u00ebl","author":"Monsieur Lampda","date":"25 septembre 2018","format":false,"excerpt":"\u00a0 Les f\u00eates de fin d'ann\u00e9e approchent et Lampda vient \u00e0 votre rencontre pour vous proposer ses plus belles cr\u00e9ations :) A offrir ou \u00e0 s'offrir, venez y d\u00e9couvrir plein de belles id\u00e9es ! March\u00e9 de No\u00ebl de Serris (77) les 17 et 18 novembre 2018 Le Carr\u00e9 d'Art, rue\u2026","rel":"","context":"Dans &quot;Non class\u00e9&quot;","block_context":{"text":"Non class\u00e9","link":"https:\/\/lampda.fr\/index.php\/category\/non-classe\/"},"img":{"alt_text":"","src":"https:\/\/i0.wp.com\/lampda.fr\/wp-content\/uploads\/2018\/09\/Marche-de-Noel-49-300x206.jpg?resize=350%2C200&ssl=1","width":350,"height":200},"classes":[]},{"id":3586,"url":"https:\/\/lampda.fr\/index.php\/2020\/10\/21\/du-nouveau\/","url_meta":{"origin":1856,"position":5},"title":"Du nouveau","author":"Monsieur Lampda","date":"21 octobre 2020","format":false,"excerpt":"Cela fait maintenant un petit moment que je n'ai pas publi\u00e9 dans cette fameuse rubrique actualit\u00e9s. Je suis toutefois bien toujours l\u00e0, au service des beaux objets \u00e0 mettre en lumi\u00e8re qui n'attendent que votre belle d\u00e9co pour \u00eatre adopt\u00e9s. Il y a d'ailleurs de nouveaux points de vente, n'h\u00e9sitez\u2026","rel":"","context":"Dans &quot;Non class\u00e9&quot;","block_context":{"text":"Non class\u00e9","link":"https:\/\/lampda.fr\/index.php\/category\/non-classe\/"},"img":{"alt_text":"","src":"","width":0,"height":0},"classes":[]}],"_links":{"self":[{"href":"https:\/\/lampda.fr\/index.php\/wp-json\/wp\/v2\/posts\/1856","targetHints":{"allow":["GET"]}}],"collection":[{"href":"https:\/\/lampda.fr\/index.php\/wp-json\/wp\/v2\/posts"}],"about":[{"href":"https:\/\/lampda.fr\/index.php\/wp-json\/wp\/v2\/types\/post"}],"author":[{"embeddable":true,"href":"https:\/\/lampda.fr\/index.php\/wp-json\/wp\/v2\/users\/1"}],"replies":[{"embeddable":true,"href":"https:\/\/lampda.fr\/index.php\/wp-json\/wp\/v2\/comments?post=1856"}],"version-history":[{"count":1,"href":"https:\/\/lampda.fr\/index.php\/wp-json\/wp\/v2\/posts\/1856\/revisions"}],"predecessor-version":[{"id":1859,"href":"https:\/\/lampda.fr\/index.php\/wp-json\/wp\/v2\/posts\/1856\/revisions\/1859"}],"wp:attachment":[{"href":"https:\/\/lampda.fr\/index.php\/wp-json\/wp\/v2\/media?parent=1856"}],"wp:term":[{"taxonomy":"category","embeddable":true,"href":"https:\/\/lampda.fr\/index.php\/wp-json\/wp\/v2\/categories?post=1856"},{"taxonomy":"post_tag","embeddable":true,"href":"https:\/\/lampda.fr\/index.php\/wp-json\/wp\/v2\/tags?post=1856"}],"curies":[{"name":"wp","href":"https:\/\/api.w.org\/{rel}","templated":true}]}}