{"id":3586,"date":"2020-10-21T17:25:55","date_gmt":"2020-10-21T15:25:55","guid":{"rendered":"https:\/\/lampda.fr\/?p=3586"},"modified":"2020-10-21T17:25:55","modified_gmt":"2020-10-21T15:25:55","slug":"du-nouveau","status":"publish","type":"post","link":"https:\/\/lampda.fr\/index.php\/2020\/10\/21\/du-nouveau\/","title":{"rendered":"Du nouveau"},"content":{"rendered":"\n<p>Cela fait maintenant un petit moment que je n&rsquo;ai pas publi\u00e9 dans cette fameuse rubrique actualit\u00e9s. Je suis toutefois bien toujours l\u00e0, au service des beaux objets \u00e0 mettre en lumi\u00e8re qui n&rsquo;attendent que votre belle d\u00e9co pour \u00eatre adopt\u00e9s. Il y a d&rsquo;ailleurs de nouveaux points de vente, n&rsquo;h\u00e9sitez pas \u00e0 <a href=\"https:\/\/lampda.fr\/index.php\/ou-nous-trouver\/\">consulter la liste \ud83d\ude09<\/a><br>Pour en savoir plus sur le quotidien de LAMPDA, n&rsquo;h\u00e9sitez pas \u00e0 vous abonner aux pages<strong> <a rel=\"noreferrer noopener\" href=\"https:\/\/www.instagram.com\/lampdavintage\/\" target=\"_blank\">Instagram<\/a><\/strong> et <a rel=\"noreferrer noopener\" href=\"https:\/\/www.facebook.com\/lampdavintage\" target=\"_blank\"><strong>Fa<\/strong><\/a><strong><a rel=\"noreferrer noopener\" href=\"https:\/\/www.facebook.com\/lampdavintage\" target=\"_blank\">cebook<\/a> <\/strong>@lampdavintage. Vous y d\u00e9couvrez la vie de l&rsquo;atelier et les derni\u00e8res informations dans les posts et les stories \ud83e\udd17<\/p>\n","protected":false},"excerpt":{"rendered":"<p>Cela fait maintenant un petit moment que je n&rsquo;ai pas publi\u00e9 dans cette fameuse rubrique actualit\u00e9s. Je suis toutefois bien toujours l\u00e0, au service des beaux objets \u00e0 mettre en lumi\u00e8re qui n&rsquo;attendent que votre belle d\u00e9co pour \u00eatre adopt\u00e9s. Il y a d&rsquo;ailleurs de nouveaux points de vente, n&rsquo;h\u00e9sitez pas \u00e0 consulter la liste [&hellip;]<\/p>\n","protected":false},"author":1,"featured_media":0,"comment_status":"open","ping_status":"open","sticky":false,"template":"","format":"standard","meta":{"_monsterinsights_skip_tracking":false,"_monsterinsights_sitenote_active":false,"_monsterinsights_sitenote_note":"","_monsterinsights_sitenote_category":0,"_uf_show_specific_survey":0,"_uf_disable_surveys":false,"jetpack_post_was_ever_published":false,"_jetpack_newsletter_access":"","_jetpack_dont_email_post_to_subs":false,"_jetpack_newsletter_tier_id":0,"_jetpack_memberships_contains_paywalled_content":false,"_jetpack_memberships_contains_paid_content":false,"footnotes":"","jetpack_publicize_message":"","jetpack_publicize_feature_enabled":true,"jetpack_social_post_already_shared":true,"jetpack_social_options":{"image_generator_settings":{"template":"highway","default_image_id":0,"font":"","enabled":false},"version":2}},"categories":[1],"tags":[],"class_list":["post-3586","post","type-post","status-publish","format-standard","hentry","category-non-classe"],"jetpack_publicize_connections":[],"jetpack_featured_media_url":"","jetpack_sharing_enabled":true,"jetpack_shortlink":"https:\/\/wp.me\/p9Ss9A-VQ","jetpack-related-posts":[{"id":978,"url":"https:\/\/lampda.fr\/index.php\/2019\/12\/06\/lampda-avec-vous-pour-noel\/","url_meta":{"origin":3586,"position":0},"title":"LAMPDA avec vous pour No\u00ebl :)","author":"Monsieur Lampda","date":"6 d\u00e9cembre 2019","format":false,"excerpt":"Des diiizaines de lampes sont parties de l'atelier pour garnir les hottes des P\u00e8res No\u00ebl \u00e9coresponsables ;) Retrouvez les derni\u00e8res cr\u00e9ations sur la boutique en ligne et dans nos boutiques partenaires (toutes les infos en cliquant). Offrez (vous) du local, du fait main et de l'upcycl\u00e9 ;)Et comme depuis le\u2026","rel":"","context":"Dans &quot;Non class\u00e9&quot;","block_context":{"text":"Non class\u00e9","link":"https:\/\/lampda.fr\/index.php\/category\/non-classe\/"},"img":{"alt_text":"","src":"https:\/\/i0.wp.com\/lampda.fr\/wp-content\/uploads\/2019\/12\/Capture-d%E2%80%99e%CC%81cran-2019-12-06-a%CC%80-14.04.56.png?resize=350%2C200&ssl=1","width":350,"height":200,"srcset":"https:\/\/i0.wp.com\/lampda.fr\/wp-content\/uploads\/2019\/12\/Capture-d%E2%80%99e%CC%81cran-2019-12-06-a%CC%80-14.04.56.png?resize=350%2C200&ssl=1 1x, https:\/\/i0.wp.com\/lampda.fr\/wp-content\/uploads\/2019\/12\/Capture-d%E2%80%99e%CC%81cran-2019-12-06-a%CC%80-14.04.56.png?resize=525%2C300&ssl=1 1.5x, https:\/\/i0.wp.com\/lampda.fr\/wp-content\/uploads\/2019\/12\/Capture-d%E2%80%99e%CC%81cran-2019-12-06-a%CC%80-14.04.56.png?resize=700%2C400&ssl=1 2x, https:\/\/i0.wp.com\/lampda.fr\/wp-content\/uploads\/2019\/12\/Capture-d%E2%80%99e%CC%81cran-2019-12-06-a%CC%80-14.04.56.png?resize=1050%2C600&ssl=1 3x"},"classes":[]},{"id":3743,"url":"https:\/\/lampda.fr\/index.php\/2020\/10\/29\/les-amis-createurs\/","url_meta":{"origin":3586,"position":1},"title":"Les amis cr\u00e9ateurs","author":"Monsieur Lampda","date":"29 octobre 2020","format":false,"excerpt":"L'annonce lourde de cons\u00e9quences est tomb\u00e9e. Le confinement est \u00e0 nouveau de mise et les suites s'annoncent tr\u00e8s compliqu\u00e9es pour nombre d'entre nous. Nous souhaitons bon courage aux g\u00e9rants des belles boutiques sans qui nous n'aurions pas le plaisir de faire briller vos yeux. La France est un beau pays\u2026","rel":"","context":"Dans &quot;Non class\u00e9&quot;","block_context":{"text":"Non class\u00e9","link":"https:\/\/lampda.fr\/index.php\/category\/non-classe\/"},"img":{"alt_text":"","src":"","width":0,"height":0},"classes":[]},{"id":676,"url":"https:\/\/lampda.fr\/index.php\/2018\/11\/04\/vernissage-de-la-magie-a-paris\/","url_meta":{"origin":3586,"position":2},"title":"Vernissage &#8211; De la Magie \u00e0 Paris","author":"Monsieur Lampda","date":"4 novembre 2018","format":false,"excerpt":"LAMPDA et les autres cr\u00e9ateurs de la boutique \u00e9ph\u00e9m\u00e8re \"De la Magie \u00e0 Paris\" organisent un vernissage vendredi 09\/11\/2018. Soyez les bienvenus pour d\u00e9couvrir nos derni\u00e8res nouveaut\u00e9s dans une boutique absolument magnifique et pleine des belles \u00e9nergies de Virginie, notre organisatrice de g\u00e9nie :) Rendez-vous au 30 rue du Ch\u00e2teau\u2026","rel":"","context":"Dans &quot;Non class\u00e9&quot;","block_context":{"text":"Non class\u00e9","link":"https:\/\/lampda.fr\/index.php\/category\/non-classe\/"},"img":{"alt_text":"","src":"","width":0,"height":0},"classes":[]},{"id":769,"url":"https:\/\/lampda.fr\/index.php\/2019\/04\/26\/salon-des-createurs-et-des-saveurs-puteaux-92\/","url_meta":{"origin":3586,"position":3},"title":"Salon des Cr\u00e9ateurs et des Saveurs &#8211; Puteaux (92)","author":"Monsieur Lampda","date":"26 avril 2019","format":false,"excerpt":"Lampda est de retour au magnifique Salon des Cr\u00e9ateurs de Puteaux. Une belle cinquantaine d\u2019exposants au rendez-vous avec de quoi (vous) faire plaisir aux yeux et au palet... Et \u00e0 une semaine de la f\u00eate des mamans, \u00e7a serait dommage de le louper ;) RdV les 17,18 et 19 Mai\u2026","rel":"","context":"Dans &quot;Non class\u00e9&quot;","block_context":{"text":"Non class\u00e9","link":"https:\/\/lampda.fr\/index.php\/category\/non-classe\/"},"img":{"alt_text":"","src":"https:\/\/i0.wp.com\/lampda.fr\/wp-content\/uploads\/2019\/04\/EA4B6954-F1D7-4FF6-B2BD-4EC202189CC1.jpeg?resize=350%2C200&ssl=1","width":350,"height":200,"srcset":"https:\/\/i0.wp.com\/lampda.fr\/wp-content\/uploads\/2019\/04\/EA4B6954-F1D7-4FF6-B2BD-4EC202189CC1.jpeg?resize=350%2C200&ssl=1 1x, https:\/\/i0.wp.com\/lampda.fr\/wp-content\/uploads\/2019\/04\/EA4B6954-F1D7-4FF6-B2BD-4EC202189CC1.jpeg?resize=525%2C300&ssl=1 1.5x, https:\/\/i0.wp.com\/lampda.fr\/wp-content\/uploads\/2019\/04\/EA4B6954-F1D7-4FF6-B2BD-4EC202189CC1.jpeg?resize=700%2C400&ssl=1 2x, https:\/\/i0.wp.com\/lampda.fr\/wp-content\/uploads\/2019\/04\/EA4B6954-F1D7-4FF6-B2BD-4EC202189CC1.jpeg?resize=1050%2C600&ssl=1 3x"},"classes":[]},{"id":2404,"url":"https:\/\/lampda.fr\/index.php\/2020\/04\/02\/covid-19\/","url_meta":{"origin":3586,"position":4},"title":"COVID-19","author":"Monsieur Lampda","date":"2 avril 2020","format":false,"excerpt":"Voyons le positif, le confinement permet de se recentrer sur soi-m\u00eame et de r\u00e9fl\u00e9chir tranquillement \u00e0 sa d\u00e9co. LAMPDA continue \u00e0 vous accompagner pendant cette p\u00e9riode via le site et les r\u00e9seaux sociaux. Choisissez VOTRE lampe ! Apr\u00e8s commande, nous vous contacterons pour vous proposer de vous l'exp\u00e9dier maintenant ou\u2026","rel":"","context":"Dans &quot;Non class\u00e9&quot;","block_context":{"text":"Non class\u00e9","link":"https:\/\/lampda.fr\/index.php\/category\/non-classe\/"},"img":{"alt_text":"","src":"","width":0,"height":0},"classes":[]},{"id":593,"url":"https:\/\/lampda.fr\/index.php\/2018\/09\/25\/marches-de-noel\/","url_meta":{"origin":3586,"position":5},"title":"March\u00e9s de No\u00ebl","author":"Monsieur Lampda","date":"25 septembre 2018","format":false,"excerpt":"\u00a0 Les f\u00eates de fin d'ann\u00e9e approchent et Lampda vient \u00e0 votre rencontre pour vous proposer ses plus belles cr\u00e9ations :) A offrir ou \u00e0 s'offrir, venez y d\u00e9couvrir plein de belles id\u00e9es ! March\u00e9 de No\u00ebl de Serris (77) les 17 et 18 novembre 2018 Le Carr\u00e9 d'Art, rue\u2026","rel":"","context":"Dans &quot;Non class\u00e9&quot;","block_context":{"text":"Non class\u00e9","link":"https:\/\/lampda.fr\/index.php\/category\/non-classe\/"},"img":{"alt_text":"","src":"https:\/\/i0.wp.com\/lampda.fr\/wp-content\/uploads\/2018\/09\/Marche-de-Noel-49-300x206.jpg?resize=350%2C200&ssl=1","width":350,"height":200},"classes":[]}],"_links":{"self":[{"href":"https:\/\/lampda.fr\/index.php\/wp-json\/wp\/v2\/posts\/3586","targetHints":{"allow":["GET"]}}],"collection":[{"href":"https:\/\/lampda.fr\/index.php\/wp-json\/wp\/v2\/posts"}],"about":[{"href":"https:\/\/lampda.fr\/index.php\/wp-json\/wp\/v2\/types\/post"}],"author":[{"embeddable":true,"href":"https:\/\/lampda.fr\/index.php\/wp-json\/wp\/v2\/users\/1"}],"replies":[{"embeddable":true,"href":"https:\/\/lampda.fr\/index.php\/wp-json\/wp\/v2\/comments?post=3586"}],"version-history":[{"count":1,"href":"https:\/\/lampda.fr\/index.php\/wp-json\/wp\/v2\/posts\/3586\/revisions"}],"predecessor-version":[{"id":3588,"href":"https:\/\/lampda.fr\/index.php\/wp-json\/wp\/v2\/posts\/3586\/revisions\/3588"}],"wp:attachment":[{"href":"https:\/\/lampda.fr\/index.php\/wp-json\/wp\/v2\/media?parent=3586"}],"wp:term":[{"taxonomy":"category","embeddable":true,"href":"https:\/\/lampda.fr\/index.php\/wp-json\/wp\/v2\/categories?post=3586"},{"taxonomy":"post_tag","embeddable":true,"href":"https:\/\/lampda.fr\/index.php\/wp-json\/wp\/v2\/tags?post=3586"}],"curies":[{"name":"wp","href":"https:\/\/api.w.org\/{rel}","templated":true}]}}