{"id":3743,"date":"2020-10-29T19:55:56","date_gmt":"2020-10-29T18:55:56","guid":{"rendered":"https:\/\/lampda.fr\/?p=3743"},"modified":"2020-10-29T19:55:56","modified_gmt":"2020-10-29T18:55:56","slug":"les-amis-createurs","status":"publish","type":"post","link":"https:\/\/lampda.fr\/index.php\/2020\/10\/29\/les-amis-createurs\/","title":{"rendered":"Les amis cr\u00e9ateurs"},"content":{"rendered":"\n<p>L&rsquo;annonce lourde de cons\u00e9quences est tomb\u00e9e. Le confinement est \u00e0 nouveau de mise et les suites s&rsquo;annoncent tr\u00e8s compliqu\u00e9es pour nombre d&rsquo;entre nous. Nous souhaitons bon courage aux g\u00e9rants des belles boutiques sans qui nous n&rsquo;aurions pas le plaisir de faire briller vos yeux.<\/p>\n\n\n\n<p>La France est un beau pays qui fourmillent de talents. Pour offrir de vrais beaux cadeaux de No\u00ebl, vous pouvez <a href=\"https:\/\/lampda.fr\/index.php\/les-amis-createurs\/\" target=\"_blank\" rel=\"noreferrer noopener\">consulter ici une liste de cr\u00e9ateurs de g\u00e9nie.<\/a> Vous pouvez y aller les yeux ferm\u00e9s (mais bien ouverts pour r\u00eaver !), ce sont des amis.<\/p>\n","protected":false},"excerpt":{"rendered":"<p>L&rsquo;annonce lourde de cons\u00e9quences est tomb\u00e9e. Le confinement est \u00e0 nouveau de mise et les suites s&rsquo;annoncent tr\u00e8s compliqu\u00e9es pour nombre d&rsquo;entre nous. Nous souhaitons bon courage aux g\u00e9rants des belles boutiques sans qui nous n&rsquo;aurions pas le plaisir de faire briller vos yeux. La France est un beau pays qui fourmillent de talents. Pour [&hellip;]<\/p>\n","protected":false},"author":1,"featured_media":0,"comment_status":"open","ping_status":"open","sticky":false,"template":"","format":"standard","meta":{"_monsterinsights_skip_tracking":false,"_monsterinsights_sitenote_active":false,"_monsterinsights_sitenote_note":"","_monsterinsights_sitenote_category":0,"_uf_show_specific_survey":0,"_uf_disable_surveys":false,"jetpack_post_was_ever_published":false,"_jetpack_newsletter_access":"","_jetpack_dont_email_post_to_subs":false,"_jetpack_newsletter_tier_id":0,"_jetpack_memberships_contains_paywalled_content":false,"_jetpack_memberships_contains_paid_content":false,"footnotes":"","jetpack_publicize_message":"","jetpack_publicize_feature_enabled":true,"jetpack_social_post_already_shared":true,"jetpack_social_options":{"image_generator_settings":{"template":"highway","default_image_id":0,"font":"","enabled":false},"version":2}},"categories":[1],"tags":[],"class_list":["post-3743","post","type-post","status-publish","format-standard","hentry","category-non-classe"],"jetpack_publicize_connections":[],"jetpack_featured_media_url":"","jetpack_sharing_enabled":true,"jetpack_shortlink":"https:\/\/wp.me\/p9Ss9A-Yn","jetpack-related-posts":[{"id":769,"url":"https:\/\/lampda.fr\/index.php\/2019\/04\/26\/salon-des-createurs-et-des-saveurs-puteaux-92\/","url_meta":{"origin":3743,"position":0},"title":"Salon des Cr\u00e9ateurs et des Saveurs &#8211; Puteaux (92)","author":"Monsieur Lampda","date":"26 avril 2019","format":false,"excerpt":"Lampda est de retour au magnifique Salon des Cr\u00e9ateurs de Puteaux. Une belle cinquantaine d\u2019exposants au rendez-vous avec de quoi (vous) faire plaisir aux yeux et au palet... Et \u00e0 une semaine de la f\u00eate des mamans, \u00e7a serait dommage de le louper ;) RdV les 17,18 et 19 Mai\u2026","rel":"","context":"Dans &quot;Non class\u00e9&quot;","block_context":{"text":"Non class\u00e9","link":"https:\/\/lampda.fr\/index.php\/category\/non-classe\/"},"img":{"alt_text":"","src":"https:\/\/i0.wp.com\/lampda.fr\/wp-content\/uploads\/2019\/04\/EA4B6954-F1D7-4FF6-B2BD-4EC202189CC1.jpeg?resize=350%2C200&ssl=1","width":350,"height":200,"srcset":"https:\/\/i0.wp.com\/lampda.fr\/wp-content\/uploads\/2019\/04\/EA4B6954-F1D7-4FF6-B2BD-4EC202189CC1.jpeg?resize=350%2C200&ssl=1 1x, https:\/\/i0.wp.com\/lampda.fr\/wp-content\/uploads\/2019\/04\/EA4B6954-F1D7-4FF6-B2BD-4EC202189CC1.jpeg?resize=525%2C300&ssl=1 1.5x, https:\/\/i0.wp.com\/lampda.fr\/wp-content\/uploads\/2019\/04\/EA4B6954-F1D7-4FF6-B2BD-4EC202189CC1.jpeg?resize=700%2C400&ssl=1 2x, https:\/\/i0.wp.com\/lampda.fr\/wp-content\/uploads\/2019\/04\/EA4B6954-F1D7-4FF6-B2BD-4EC202189CC1.jpeg?resize=1050%2C600&ssl=1 3x"},"classes":[]},{"id":978,"url":"https:\/\/lampda.fr\/index.php\/2019\/12\/06\/lampda-avec-vous-pour-noel\/","url_meta":{"origin":3743,"position":1},"title":"LAMPDA avec vous pour No\u00ebl :)","author":"Monsieur Lampda","date":"6 d\u00e9cembre 2019","format":false,"excerpt":"Des diiizaines de lampes sont parties de l'atelier pour garnir les hottes des P\u00e8res No\u00ebl \u00e9coresponsables ;) Retrouvez les derni\u00e8res cr\u00e9ations sur la boutique en ligne et dans nos boutiques partenaires (toutes les infos en cliquant). Offrez (vous) du local, du fait main et de l'upcycl\u00e9 ;)Et comme depuis le\u2026","rel":"","context":"Dans &quot;Non class\u00e9&quot;","block_context":{"text":"Non class\u00e9","link":"https:\/\/lampda.fr\/index.php\/category\/non-classe\/"},"img":{"alt_text":"","src":"https:\/\/i0.wp.com\/lampda.fr\/wp-content\/uploads\/2019\/12\/Capture-d%E2%80%99e%CC%81cran-2019-12-06-a%CC%80-14.04.56.png?resize=350%2C200&ssl=1","width":350,"height":200,"srcset":"https:\/\/i0.wp.com\/lampda.fr\/wp-content\/uploads\/2019\/12\/Capture-d%E2%80%99e%CC%81cran-2019-12-06-a%CC%80-14.04.56.png?resize=350%2C200&ssl=1 1x, https:\/\/i0.wp.com\/lampda.fr\/wp-content\/uploads\/2019\/12\/Capture-d%E2%80%99e%CC%81cran-2019-12-06-a%CC%80-14.04.56.png?resize=525%2C300&ssl=1 1.5x, https:\/\/i0.wp.com\/lampda.fr\/wp-content\/uploads\/2019\/12\/Capture-d%E2%80%99e%CC%81cran-2019-12-06-a%CC%80-14.04.56.png?resize=700%2C400&ssl=1 2x, https:\/\/i0.wp.com\/lampda.fr\/wp-content\/uploads\/2019\/12\/Capture-d%E2%80%99e%CC%81cran-2019-12-06-a%CC%80-14.04.56.png?resize=1050%2C600&ssl=1 3x"},"classes":[]},{"id":575,"url":"https:\/\/lampda.fr\/index.php\/2018\/08\/03\/salon-de-la-decoration-et-des-metiers-dart-rueil-malmaison-92\/","url_meta":{"origin":3743,"position":2},"title":"Salon de la D\u00e9coration et des M\u00e9tiers d&rsquo;Art &#8211; Rueil Malmaison (92)","author":"Monsieur Lampda","date":"3 ao\u00fbt 2018","format":false,"excerpt":"Lampda expose les 22 et 23 septembre 2018 au beau et grand Salon de la D\u00e9coration et des M\u00e9tiers D'art de Rueil Malmaison. Pour recevoir une invitation, contactez-nous :)","rel":"","context":"Dans &quot;Non class\u00e9&quot;","block_context":{"text":"Non class\u00e9","link":"https:\/\/lampda.fr\/index.php\/category\/non-classe\/"},"img":{"alt_text":"","src":"","width":0,"height":0},"classes":[]},{"id":676,"url":"https:\/\/lampda.fr\/index.php\/2018\/11\/04\/vernissage-de-la-magie-a-paris\/","url_meta":{"origin":3743,"position":3},"title":"Vernissage &#8211; De la Magie \u00e0 Paris","author":"Monsieur Lampda","date":"4 novembre 2018","format":false,"excerpt":"LAMPDA et les autres cr\u00e9ateurs de la boutique \u00e9ph\u00e9m\u00e8re \"De la Magie \u00e0 Paris\" organisent un vernissage vendredi 09\/11\/2018. Soyez les bienvenus pour d\u00e9couvrir nos derni\u00e8res nouveaut\u00e9s dans une boutique absolument magnifique et pleine des belles \u00e9nergies de Virginie, notre organisatrice de g\u00e9nie :) Rendez-vous au 30 rue du Ch\u00e2teau\u2026","rel":"","context":"Dans &quot;Non class\u00e9&quot;","block_context":{"text":"Non class\u00e9","link":"https:\/\/lampda.fr\/index.php\/category\/non-classe\/"},"img":{"alt_text":"","src":"","width":0,"height":0},"classes":[]},{"id":147,"url":"https:\/\/lampda.fr\/index.php\/2018\/05\/02\/salon-des-createurs-de-puteaux-92\/","url_meta":{"origin":3743,"position":4},"title":"Salon des Cr\u00e9ateurs de Puteaux (92)","author":"Monsieur Lampda","date":"2 mai 2018","format":false,"excerpt":"Lampda expose du vendredi 25 au dimanche 27 mai 2018 \u00e0 Puteaux.Plus de 30 exposants, que du 100% fait main et juste \u00e0 c\u00f4t\u00e9 du c\u00e9l\u00e8bre salon de la BD :)Cliquez ici pour le lien vers l'\u00e9v\u00e8nement.Salon des Cr\u00e9ateursVendredi 25 mai, 14h-21hSamedi 26 mai, 10h-21hDimanche 27 mai, 10h-18hEsplanade de l\u2019H\u00f4tel\u2026","rel":"","context":"Dans &quot;Non class\u00e9&quot;","block_context":{"text":"Non class\u00e9","link":"https:\/\/lampda.fr\/index.php\/category\/non-classe\/"},"img":{"alt_text":"","src":"","width":0,"height":0},"classes":[]},{"id":1162,"url":"https:\/\/lampda.fr\/index.php\/2019\/12\/21\/cest-les-vacances\/","url_meta":{"origin":3743,"position":5},"title":"C&rsquo;est les vacances ! :)","author":"Monsieur Lampda","date":"21 d\u00e9cembre 2019","format":false,"excerpt":"C'est les vacances ! Les exp\u00e9ditions des commandes en ligne reprendront le 31 d\u00e9cembre pour illuminer la d\u00e9co des nouveaux adoptants LAMPDA. Nos boutiques partenaires restent ouvertes ;) Nous vous souhaitons de belles f\u00eates de fin d'ann\u00e9e !","rel":"","context":"Dans &quot;Non class\u00e9&quot;","block_context":{"text":"Non class\u00e9","link":"https:\/\/lampda.fr\/index.php\/category\/non-classe\/"},"img":{"alt_text":"","src":"","width":0,"height":0},"classes":[]}],"_links":{"self":[{"href":"https:\/\/lampda.fr\/index.php\/wp-json\/wp\/v2\/posts\/3743","targetHints":{"allow":["GET"]}}],"collection":[{"href":"https:\/\/lampda.fr\/index.php\/wp-json\/wp\/v2\/posts"}],"about":[{"href":"https:\/\/lampda.fr\/index.php\/wp-json\/wp\/v2\/types\/post"}],"author":[{"embeddable":true,"href":"https:\/\/lampda.fr\/index.php\/wp-json\/wp\/v2\/users\/1"}],"replies":[{"embeddable":true,"href":"https:\/\/lampda.fr\/index.php\/wp-json\/wp\/v2\/comments?post=3743"}],"version-history":[{"count":1,"href":"https:\/\/lampda.fr\/index.php\/wp-json\/wp\/v2\/posts\/3743\/revisions"}],"predecessor-version":[{"id":3745,"href":"https:\/\/lampda.fr\/index.php\/wp-json\/wp\/v2\/posts\/3743\/revisions\/3745"}],"wp:attachment":[{"href":"https:\/\/lampda.fr\/index.php\/wp-json\/wp\/v2\/media?parent=3743"}],"wp:term":[{"taxonomy":"category","embeddable":true,"href":"https:\/\/lampda.fr\/index.php\/wp-json\/wp\/v2\/categories?post=3743"},{"taxonomy":"post_tag","embeddable":true,"href":"https:\/\/lampda.fr\/index.php\/wp-json\/wp\/v2\/tags?post=3743"}],"curies":[{"name":"wp","href":"https:\/\/api.w.org\/{rel}","templated":true}]}}