{"id":3985,"date":"2020-12-05T19:06:19","date_gmt":"2020-12-05T18:06:19","guid":{"rendered":"https:\/\/lampda.fr\/?p=3985"},"modified":"2020-12-05T19:06:19","modified_gmt":"2020-12-05T18:06:19","slug":"marche-de-noel-anthy","status":"publish","type":"post","link":"https:\/\/lampda.fr\/index.php\/2020\/12\/05\/marche-de-noel-anthy\/","title":{"rendered":"March\u00e9 de No\u00ebl Anthy"},"content":{"rendered":"\n<p>LAMPDA y sera ! <br>Venez avec votre plus beau masque pour craquer sur la plus belle des lampes<\/p>\n\n\n\n<p><\/p>\n\n\n\n<figure class=\"wp-block-image size-large\"><img data-recalc-dims=\"1\" fetchpriority=\"high\" decoding=\"async\" width=\"704\" height=\"1024\" data-attachment-id=\"3989\" data-permalink=\"https:\/\/lampda.fr\/index.php\/2020\/12\/05\/marche-de-noel-anthy\/affiche-marche-noe%cc%88l_page-0001\/\" data-orig-file=\"https:\/\/i0.wp.com\/lampda.fr\/wp-content\/uploads\/2020\/12\/Affiche-marche%CC%81-Noe%CC%88l_page-0001-scaled.jpg?fit=1759%2C2560&amp;ssl=1\" data-orig-size=\"1759,2560\" data-comments-opened=\"1\" data-image-meta=\"{&quot;aperture&quot;:&quot;0&quot;,&quot;credit&quot;:&quot;&quot;,&quot;camera&quot;:&quot;&quot;,&quot;caption&quot;:&quot;&quot;,&quot;created_timestamp&quot;:&quot;0&quot;,&quot;copyright&quot;:&quot;&quot;,&quot;focal_length&quot;:&quot;0&quot;,&quot;iso&quot;:&quot;0&quot;,&quot;shutter_speed&quot;:&quot;0&quot;,&quot;title&quot;:&quot;&quot;,&quot;orientation&quot;:&quot;0&quot;}\" data-image-title=\"Affiche-marche\u0301-Noe\u0308l_page-0001\" data-image-description=\"\" data-image-caption=\"\" data-large-file=\"https:\/\/i0.wp.com\/lampda.fr\/wp-content\/uploads\/2020\/12\/Affiche-marche%CC%81-Noe%CC%88l_page-0001-scaled.jpg?fit=704%2C1024&amp;ssl=1\" src=\"https:\/\/i0.wp.com\/lampda.fr\/wp-content\/uploads\/2020\/12\/Affiche-marche%CC%81-Noe%CC%88l_page-0001.jpg?resize=704%2C1024&#038;ssl=1\" alt=\"\" class=\"wp-image-3989\" srcset=\"https:\/\/i0.wp.com\/lampda.fr\/wp-content\/uploads\/2020\/12\/Affiche-marche%CC%81-Noe%CC%88l_page-0001-scaled.jpg?resize=704%2C1024&amp;ssl=1 704w, https:\/\/i0.wp.com\/lampda.fr\/wp-content\/uploads\/2020\/12\/Affiche-marche%CC%81-Noe%CC%88l_page-0001-scaled.jpg?resize=206%2C300&amp;ssl=1 206w, https:\/\/i0.wp.com\/lampda.fr\/wp-content\/uploads\/2020\/12\/Affiche-marche%CC%81-Noe%CC%88l_page-0001-scaled.jpg?resize=768%2C1118&amp;ssl=1 768w, https:\/\/i0.wp.com\/lampda.fr\/wp-content\/uploads\/2020\/12\/Affiche-marche%CC%81-Noe%CC%88l_page-0001-scaled.jpg?resize=1055%2C1536&amp;ssl=1 1055w, https:\/\/i0.wp.com\/lampda.fr\/wp-content\/uploads\/2020\/12\/Affiche-marche%CC%81-Noe%CC%88l_page-0001-scaled.jpg?resize=1407%2C2048&amp;ssl=1 1407w, https:\/\/i0.wp.com\/lampda.fr\/wp-content\/uploads\/2020\/12\/Affiche-marche%CC%81-Noe%CC%88l_page-0001-scaled.jpg?resize=416%2C605&amp;ssl=1 416w, https:\/\/i0.wp.com\/lampda.fr\/wp-content\/uploads\/2020\/12\/Affiche-marche%CC%81-Noe%CC%88l_page-0001-scaled.jpg?w=1759&amp;ssl=1 1759w\" sizes=\"(max-width: 704px) 100vw, 704px\" \/><\/figure>\n","protected":false},"excerpt":{"rendered":"<p>LAMPDA y sera ! Venez avec votre plus beau masque pour craquer sur la plus belle des lampes<\/p>\n","protected":false},"author":1,"featured_media":0,"comment_status":"open","ping_status":"open","sticky":false,"template":"","format":"standard","meta":{"_monsterinsights_skip_tracking":false,"_monsterinsights_sitenote_active":false,"_monsterinsights_sitenote_note":"","_monsterinsights_sitenote_category":0,"_uf_show_specific_survey":0,"_uf_disable_surveys":false,"jetpack_post_was_ever_published":false,"_jetpack_newsletter_access":"","_jetpack_dont_email_post_to_subs":false,"_jetpack_newsletter_tier_id":0,"_jetpack_memberships_contains_paywalled_content":false,"_jetpack_memberships_contains_paid_content":false,"footnotes":"","jetpack_publicize_message":"","jetpack_publicize_feature_enabled":true,"jetpack_social_post_already_shared":true,"jetpack_social_options":{"image_generator_settings":{"template":"highway","default_image_id":0,"font":"","enabled":false},"version":2}},"categories":[1],"tags":[],"class_list":["post-3985","post","type-post","status-publish","format-standard","hentry","category-non-classe"],"jetpack_publicize_connections":[],"jetpack_featured_media_url":"","jetpack_sharing_enabled":true,"jetpack_shortlink":"https:\/\/wp.me\/p9Ss9A-12h","jetpack-related-posts":[{"id":593,"url":"https:\/\/lampda.fr\/index.php\/2018\/09\/25\/marches-de-noel\/","url_meta":{"origin":3985,"position":0},"title":"March\u00e9s de No\u00ebl","author":"Monsieur Lampda","date":"25 septembre 2018","format":false,"excerpt":"\u00a0 Les f\u00eates de fin d'ann\u00e9e approchent et Lampda vient \u00e0 votre rencontre pour vous proposer ses plus belles cr\u00e9ations :) A offrir ou \u00e0 s'offrir, venez y d\u00e9couvrir plein de belles id\u00e9es ! March\u00e9 de No\u00ebl de Serris (77) les 17 et 18 novembre 2018 Le Carr\u00e9 d'Art, rue\u2026","rel":"","context":"Dans &quot;Non class\u00e9&quot;","block_context":{"text":"Non class\u00e9","link":"https:\/\/lampda.fr\/index.php\/category\/non-classe\/"},"img":{"alt_text":"","src":"https:\/\/i0.wp.com\/lampda.fr\/wp-content\/uploads\/2018\/09\/Marche-de-Noel-49-300x206.jpg?resize=350%2C200&ssl=1","width":350,"height":200},"classes":[]},{"id":978,"url":"https:\/\/lampda.fr\/index.php\/2019\/12\/06\/lampda-avec-vous-pour-noel\/","url_meta":{"origin":3985,"position":1},"title":"LAMPDA avec vous pour No\u00ebl :)","author":"Monsieur Lampda","date":"6 d\u00e9cembre 2019","format":false,"excerpt":"Des diiizaines de lampes sont parties de l'atelier pour garnir les hottes des P\u00e8res No\u00ebl \u00e9coresponsables ;) Retrouvez les derni\u00e8res cr\u00e9ations sur la boutique en ligne et dans nos boutiques partenaires (toutes les infos en cliquant). Offrez (vous) du local, du fait main et de l'upcycl\u00e9 ;)Et comme depuis le\u2026","rel":"","context":"Dans &quot;Non class\u00e9&quot;","block_context":{"text":"Non class\u00e9","link":"https:\/\/lampda.fr\/index.php\/category\/non-classe\/"},"img":{"alt_text":"","src":"https:\/\/i0.wp.com\/lampda.fr\/wp-content\/uploads\/2019\/12\/Capture-d%E2%80%99e%CC%81cran-2019-12-06-a%CC%80-14.04.56.png?resize=350%2C200&ssl=1","width":350,"height":200,"srcset":"https:\/\/i0.wp.com\/lampda.fr\/wp-content\/uploads\/2019\/12\/Capture-d%E2%80%99e%CC%81cran-2019-12-06-a%CC%80-14.04.56.png?resize=350%2C200&ssl=1 1x, https:\/\/i0.wp.com\/lampda.fr\/wp-content\/uploads\/2019\/12\/Capture-d%E2%80%99e%CC%81cran-2019-12-06-a%CC%80-14.04.56.png?resize=525%2C300&ssl=1 1.5x, https:\/\/i0.wp.com\/lampda.fr\/wp-content\/uploads\/2019\/12\/Capture-d%E2%80%99e%CC%81cran-2019-12-06-a%CC%80-14.04.56.png?resize=700%2C400&ssl=1 2x, https:\/\/i0.wp.com\/lampda.fr\/wp-content\/uploads\/2019\/12\/Capture-d%E2%80%99e%CC%81cran-2019-12-06-a%CC%80-14.04.56.png?resize=1050%2C600&ssl=1 3x"},"classes":[]},{"id":3586,"url":"https:\/\/lampda.fr\/index.php\/2020\/10\/21\/du-nouveau\/","url_meta":{"origin":3985,"position":2},"title":"Du nouveau","author":"Monsieur Lampda","date":"21 octobre 2020","format":false,"excerpt":"Cela fait maintenant un petit moment que je n'ai pas publi\u00e9 dans cette fameuse rubrique actualit\u00e9s. Je suis toutefois bien toujours l\u00e0, au service des beaux objets \u00e0 mettre en lumi\u00e8re qui n'attendent que votre belle d\u00e9co pour \u00eatre adopt\u00e9s. Il y a d'ailleurs de nouveaux points de vente, n'h\u00e9sitez\u2026","rel":"","context":"Dans &quot;Non class\u00e9&quot;","block_context":{"text":"Non class\u00e9","link":"https:\/\/lampda.fr\/index.php\/category\/non-classe\/"},"img":{"alt_text":"","src":"","width":0,"height":0},"classes":[]},{"id":662,"url":"https:\/\/lampda.fr\/index.php\/2018\/10\/25\/foire-de-paris-hors-serie-maison\/","url_meta":{"origin":3985,"position":3},"title":"Foire de Paris &#8211; Hors-s\u00e9rie Maison 2018","author":"Monsieur Lampda","date":"25 octobre 2018","format":false,"excerpt":"Lampda expose cette ann\u00e9e \u00e0 la Foire de Paris ! :) RdV \u00e0 Paris Expo porte de Versailles du 26 octobre au 4 novembre 2018, pavillon 7.3, stand J048 aux c\u00f4t\u00e9s des cr\u00e9ateurs de g\u00e9nie du r\u00e9seau Pooow. Venez y d\u00e9couvrir les derni\u00e8res nouveaut\u00e9s ! ;) -> Plus d'infos ici\u2026","rel":"","context":"Dans &quot;Non class\u00e9&quot;","block_context":{"text":"Non class\u00e9","link":"https:\/\/lampda.fr\/index.php\/category\/non-classe\/"},"img":{"alt_text":"R\u00e9sultat de recherche d'images pour \"foire de paris hors s\u00e9rie\"","src":"https:\/\/i0.wp.com\/fr.magicstay.com\/public\/upload\/photo_salon\/salon_1372.png?resize=350%2C200&ssl=1","width":350,"height":200},"classes":[]},{"id":3743,"url":"https:\/\/lampda.fr\/index.php\/2020\/10\/29\/les-amis-createurs\/","url_meta":{"origin":3985,"position":4},"title":"Les amis cr\u00e9ateurs","author":"Monsieur Lampda","date":"29 octobre 2020","format":false,"excerpt":"L'annonce lourde de cons\u00e9quences est tomb\u00e9e. Le confinement est \u00e0 nouveau de mise et les suites s'annoncent tr\u00e8s compliqu\u00e9es pour nombre d'entre nous. Nous souhaitons bon courage aux g\u00e9rants des belles boutiques sans qui nous n'aurions pas le plaisir de faire briller vos yeux. La France est un beau pays\u2026","rel":"","context":"Dans &quot;Non class\u00e9&quot;","block_context":{"text":"Non class\u00e9","link":"https:\/\/lampda.fr\/index.php\/category\/non-classe\/"},"img":{"alt_text":"","src":"","width":0,"height":0},"classes":[]},{"id":2404,"url":"https:\/\/lampda.fr\/index.php\/2020\/04\/02\/covid-19\/","url_meta":{"origin":3985,"position":5},"title":"COVID-19","author":"Monsieur Lampda","date":"2 avril 2020","format":false,"excerpt":"Voyons le positif, le confinement permet de se recentrer sur soi-m\u00eame et de r\u00e9fl\u00e9chir tranquillement \u00e0 sa d\u00e9co. LAMPDA continue \u00e0 vous accompagner pendant cette p\u00e9riode via le site et les r\u00e9seaux sociaux. Choisissez VOTRE lampe ! Apr\u00e8s commande, nous vous contacterons pour vous proposer de vous l'exp\u00e9dier maintenant ou\u2026","rel":"","context":"Dans &quot;Non class\u00e9&quot;","block_context":{"text":"Non class\u00e9","link":"https:\/\/lampda.fr\/index.php\/category\/non-classe\/"},"img":{"alt_text":"","src":"","width":0,"height":0},"classes":[]}],"_links":{"self":[{"href":"https:\/\/lampda.fr\/index.php\/wp-json\/wp\/v2\/posts\/3985","targetHints":{"allow":["GET"]}}],"collection":[{"href":"https:\/\/lampda.fr\/index.php\/wp-json\/wp\/v2\/posts"}],"about":[{"href":"https:\/\/lampda.fr\/index.php\/wp-json\/wp\/v2\/types\/post"}],"author":[{"embeddable":true,"href":"https:\/\/lampda.fr\/index.php\/wp-json\/wp\/v2\/users\/1"}],"replies":[{"embeddable":true,"href":"https:\/\/lampda.fr\/index.php\/wp-json\/wp\/v2\/comments?post=3985"}],"version-history":[{"count":1,"href":"https:\/\/lampda.fr\/index.php\/wp-json\/wp\/v2\/posts\/3985\/revisions"}],"predecessor-version":[{"id":3990,"href":"https:\/\/lampda.fr\/index.php\/wp-json\/wp\/v2\/posts\/3985\/revisions\/3990"}],"wp:attachment":[{"href":"https:\/\/lampda.fr\/index.php\/wp-json\/wp\/v2\/media?parent=3985"}],"wp:term":[{"taxonomy":"category","embeddable":true,"href":"https:\/\/lampda.fr\/index.php\/wp-json\/wp\/v2\/categories?post=3985"},{"taxonomy":"post_tag","embeddable":true,"href":"https:\/\/lampda.fr\/index.php\/wp-json\/wp\/v2\/tags?post=3985"}],"curies":[{"name":"wp","href":"https:\/\/api.w.org\/{rel}","templated":true}]}}