{"id":4233,"date":"2021-02-15T15:36:44","date_gmt":"2021-02-15T14:36:44","guid":{"rendered":"https:\/\/lampda.fr\/?p=4233"},"modified":"2021-02-15T15:36:44","modified_gmt":"2021-02-15T14:36:44","slug":"tombola-solidaire-les-amis-de-laurence","status":"publish","type":"post","link":"https:\/\/lampda.fr\/index.php\/2021\/02\/15\/tombola-solidaire-les-amis-de-laurence\/","title":{"rendered":"Tombola Solidaire \u00ab\u00a0Les amis de Laurence\u00a0\u00bb"},"content":{"rendered":"\n<figure class=\"wp-block-image size-large\"><img data-recalc-dims=\"1\" fetchpriority=\"high\" decoding=\"async\" width=\"595\" height=\"842\" data-attachment-id=\"4235\" data-permalink=\"https:\/\/lampda.fr\/index.php\/2021\/02\/15\/tombola-solidaire-les-amis-de-laurence\/n8-affiche-tombola-lampda\/\" data-orig-file=\"https:\/\/i0.wp.com\/lampda.fr\/wp-content\/uploads\/2021\/02\/N%C2%B08-affiche-tombola-Lampda.png?fit=595%2C842&amp;ssl=1\" data-orig-size=\"595,842\" data-comments-opened=\"1\" data-image-meta=\"{&quot;aperture&quot;:&quot;0&quot;,&quot;credit&quot;:&quot;&quot;,&quot;camera&quot;:&quot;&quot;,&quot;caption&quot;:&quot;&quot;,&quot;created_timestamp&quot;:&quot;0&quot;,&quot;copyright&quot;:&quot;&quot;,&quot;focal_length&quot;:&quot;0&quot;,&quot;iso&quot;:&quot;0&quot;,&quot;shutter_speed&quot;:&quot;0&quot;,&quot;title&quot;:&quot;&quot;,&quot;orientation&quot;:&quot;0&quot;}\" data-image-title=\"N\u00b08-affiche-tombola-Lampda\" data-image-description=\"\" data-image-caption=\"\" data-large-file=\"https:\/\/i0.wp.com\/lampda.fr\/wp-content\/uploads\/2021\/02\/N%C2%B08-affiche-tombola-Lampda.png?fit=595%2C842&amp;ssl=1\" src=\"https:\/\/i0.wp.com\/lampda.fr\/wp-content\/uploads\/2021\/02\/N%C2%B08-affiche-tombola-Lampda.png?resize=595%2C842&#038;ssl=1\" alt=\"\" class=\"wp-image-4235\" srcset=\"https:\/\/i0.wp.com\/lampda.fr\/wp-content\/uploads\/2021\/02\/N%C2%B08-affiche-tombola-Lampda.png?w=595&amp;ssl=1 595w, https:\/\/i0.wp.com\/lampda.fr\/wp-content\/uploads\/2021\/02\/N%C2%B08-affiche-tombola-Lampda.png?resize=212%2C300&amp;ssl=1 212w, https:\/\/i0.wp.com\/lampda.fr\/wp-content\/uploads\/2021\/02\/N%C2%B08-affiche-tombola-Lampda.png?resize=416%2C589&amp;ssl=1 416w, https:\/\/i0.wp.com\/lampda.fr\/wp-content\/uploads\/2021\/02\/N%C2%B08-affiche-tombola-Lampda.png?resize=42%2C60&amp;ssl=1 42w, https:\/\/i0.wp.com\/lampda.fr\/wp-content\/uploads\/2021\/02\/N%C2%B08-affiche-tombola-Lampda.png?resize=64%2C90&amp;ssl=1 64w\" sizes=\"(max-width: 595px) 100vw, 595px\" \/><\/figure>\n","protected":false},"excerpt":{"rendered":"","protected":false},"author":1,"featured_media":0,"comment_status":"open","ping_status":"open","sticky":false,"template":"","format":"standard","meta":{"_monsterinsights_skip_tracking":false,"_monsterinsights_sitenote_active":false,"_monsterinsights_sitenote_note":"","_monsterinsights_sitenote_category":0,"_uf_show_specific_survey":0,"_uf_disable_surveys":false,"jetpack_post_was_ever_published":false,"_jetpack_newsletter_access":"","_jetpack_dont_email_post_to_subs":false,"_jetpack_newsletter_tier_id":0,"_jetpack_memberships_contains_paywalled_content":false,"_jetpack_memberships_contains_paid_content":false,"footnotes":"","jetpack_publicize_message":"","jetpack_publicize_feature_enabled":true,"jetpack_social_post_already_shared":true,"jetpack_social_options":{"image_generator_settings":{"template":"highway","default_image_id":0,"font":"","enabled":false},"version":2}},"categories":[1],"tags":[],"class_list":["post-4233","post","type-post","status-publish","format-standard","hentry","category-non-classe"],"jetpack_publicize_connections":[],"jetpack_featured_media_url":"","jetpack_sharing_enabled":true,"jetpack_shortlink":"https:\/\/wp.me\/p9Ss9A-16h","jetpack-related-posts":[{"id":3743,"url":"https:\/\/lampda.fr\/index.php\/2020\/10\/29\/les-amis-createurs\/","url_meta":{"origin":4233,"position":0},"title":"Les amis cr\u00e9ateurs","author":"Monsieur Lampda","date":"29 octobre 2020","format":false,"excerpt":"L'annonce lourde de cons\u00e9quences est tomb\u00e9e. Le confinement est \u00e0 nouveau de mise et les suites s'annoncent tr\u00e8s compliqu\u00e9es pour nombre d'entre nous. Nous souhaitons bon courage aux g\u00e9rants des belles boutiques sans qui nous n'aurions pas le plaisir de faire briller vos yeux. La France est un beau pays\u2026","rel":"","context":"Dans &quot;Non class\u00e9&quot;","block_context":{"text":"Non class\u00e9","link":"https:\/\/lampda.fr\/index.php\/category\/non-classe\/"},"img":{"alt_text":"","src":"","width":0,"height":0},"classes":[]},{"id":3998,"url":"https:\/\/lampda.fr\/index.php\/2020\/12\/07\/sept-a-huit\/","url_meta":{"origin":4233,"position":1},"title":"Sept \u00e0 Huit","author":"Monsieur Lampda","date":"7 d\u00e9cembre 2020","format":false,"excerpt":"LAMPDA s'expose\u2026dans Sept \u00e0 Huit sur TF1 ! Au milieu des belles cr\u00e9ations des amis de chez PoooW !","rel":"","context":"Dans &quot;Non class\u00e9&quot;","block_context":{"text":"Non class\u00e9","link":"https:\/\/lampda.fr\/index.php\/category\/non-classe\/"},"img":{"alt_text":"TF1 \u2014 Wikip\u00e9dia","src":"https:\/\/upload.wikimedia.org\/wikipedia\/fr\/thumb\/7\/77\/TF1_%282013%29.svg\/1200px-TF1_%282013%29.svg.png","width":350,"height":200},"classes":[]},{"id":229,"url":"https:\/\/lampda.fr\/index.php\/2018\/05\/07\/les-jardins-de-guinot-20-mai-2018\/","url_meta":{"origin":4233,"position":2},"title":"Les Jardins de Guinot 20 Mai 2018","author":"Monsieur Lampda","date":"7 mai 2018","format":false,"excerpt":"Lampda expose Dimanche 20 Mai 2018 dans les Jardins de Guinot \u00e0 Saint Ouen. Ambiance tr\u00e8s cool au programme et une vingtaine de chouettes cr\u00e9ateurs :) Plus d\u2019infos par ici ;) \u00a0 \u00a0","rel":"","context":"Dans &quot;Non class\u00e9&quot;","block_context":{"text":"Non class\u00e9","link":"https:\/\/lampda.fr\/index.php\/category\/non-classe\/"},"img":{"alt_text":"","src":"https:\/\/i0.wp.com\/lampda.fr\/wp-content\/uploads\/2018\/05\/ACC429CD-38D1-4156-9044-13A8A8DB92E7-295x300.png?resize=350%2C200&ssl=1","width":350,"height":200},"classes":[]},{"id":1162,"url":"https:\/\/lampda.fr\/index.php\/2019\/12\/21\/cest-les-vacances\/","url_meta":{"origin":4233,"position":3},"title":"C&rsquo;est les vacances ! :)","author":"Monsieur Lampda","date":"21 d\u00e9cembre 2019","format":false,"excerpt":"C'est les vacances ! Les exp\u00e9ditions des commandes en ligne reprendront le 31 d\u00e9cembre pour illuminer la d\u00e9co des nouveaux adoptants LAMPDA. Nos boutiques partenaires restent ouvertes ;) Nous vous souhaitons de belles f\u00eates de fin d'ann\u00e9e !","rel":"","context":"Dans &quot;Non class\u00e9&quot;","block_context":{"text":"Non class\u00e9","link":"https:\/\/lampda.fr\/index.php\/category\/non-classe\/"},"img":{"alt_text":"","src":"","width":0,"height":0},"classes":[]},{"id":593,"url":"https:\/\/lampda.fr\/index.php\/2018\/09\/25\/marches-de-noel\/","url_meta":{"origin":4233,"position":4},"title":"March\u00e9s de No\u00ebl","author":"Monsieur Lampda","date":"25 septembre 2018","format":false,"excerpt":"\u00a0 Les f\u00eates de fin d'ann\u00e9e approchent et Lampda vient \u00e0 votre rencontre pour vous proposer ses plus belles cr\u00e9ations :) A offrir ou \u00e0 s'offrir, venez y d\u00e9couvrir plein de belles id\u00e9es ! March\u00e9 de No\u00ebl de Serris (77) les 17 et 18 novembre 2018 Le Carr\u00e9 d'Art, rue\u2026","rel":"","context":"Dans &quot;Non class\u00e9&quot;","block_context":{"text":"Non class\u00e9","link":"https:\/\/lampda.fr\/index.php\/category\/non-classe\/"},"img":{"alt_text":"","src":"https:\/\/i0.wp.com\/lampda.fr\/wp-content\/uploads\/2018\/09\/Marche-de-Noel-49-300x206.jpg?resize=350%2C200&ssl=1","width":350,"height":200},"classes":[]},{"id":676,"url":"https:\/\/lampda.fr\/index.php\/2018\/11\/04\/vernissage-de-la-magie-a-paris\/","url_meta":{"origin":4233,"position":5},"title":"Vernissage &#8211; De la Magie \u00e0 Paris","author":"Monsieur Lampda","date":"4 novembre 2018","format":false,"excerpt":"LAMPDA et les autres cr\u00e9ateurs de la boutique \u00e9ph\u00e9m\u00e8re \"De la Magie \u00e0 Paris\" organisent un vernissage vendredi 09\/11\/2018. Soyez les bienvenus pour d\u00e9couvrir nos derni\u00e8res nouveaut\u00e9s dans une boutique absolument magnifique et pleine des belles \u00e9nergies de Virginie, notre organisatrice de g\u00e9nie :) Rendez-vous au 30 rue du Ch\u00e2teau\u2026","rel":"","context":"Dans &quot;Non class\u00e9&quot;","block_context":{"text":"Non class\u00e9","link":"https:\/\/lampda.fr\/index.php\/category\/non-classe\/"},"img":{"alt_text":"","src":"","width":0,"height":0},"classes":[]}],"_links":{"self":[{"href":"https:\/\/lampda.fr\/index.php\/wp-json\/wp\/v2\/posts\/4233","targetHints":{"allow":["GET"]}}],"collection":[{"href":"https:\/\/lampda.fr\/index.php\/wp-json\/wp\/v2\/posts"}],"about":[{"href":"https:\/\/lampda.fr\/index.php\/wp-json\/wp\/v2\/types\/post"}],"author":[{"embeddable":true,"href":"https:\/\/lampda.fr\/index.php\/wp-json\/wp\/v2\/users\/1"}],"replies":[{"embeddable":true,"href":"https:\/\/lampda.fr\/index.php\/wp-json\/wp\/v2\/comments?post=4233"}],"version-history":[{"count":1,"href":"https:\/\/lampda.fr\/index.php\/wp-json\/wp\/v2\/posts\/4233\/revisions"}],"predecessor-version":[{"id":4236,"href":"https:\/\/lampda.fr\/index.php\/wp-json\/wp\/v2\/posts\/4233\/revisions\/4236"}],"wp:attachment":[{"href":"https:\/\/lampda.fr\/index.php\/wp-json\/wp\/v2\/media?parent=4233"}],"wp:term":[{"taxonomy":"category","embeddable":true,"href":"https:\/\/lampda.fr\/index.php\/wp-json\/wp\/v2\/categories?post=4233"},{"taxonomy":"post_tag","embeddable":true,"href":"https:\/\/lampda.fr\/index.php\/wp-json\/wp\/v2\/tags?post=4233"}],"curies":[{"name":"wp","href":"https:\/\/api.w.org\/{rel}","templated":true}]}}