{"id":4446,"date":"2021-04-08T11:03:05","date_gmt":"2021-04-08T09:03:05","guid":{"rendered":"https:\/\/lampda.fr\/?p=4446"},"modified":"2021-04-08T11:03:05","modified_gmt":"2021-04-08T09:03:05","slug":"article-juliette-ray","status":"publish","type":"post","link":"https:\/\/lampda.fr\/index.php\/2021\/04\/08\/article-juliette-ray\/","title":{"rendered":"Article Juliette Ray"},"content":{"rendered":"\n<p>Voici un bel article sur l&rsquo;upcycling que je vous invite \u00e0 lire pour encore mieux comprendre la d\u00e9marche de LAMPDA \ud83d\ude09 (source : Juliette Ray &#8211; <a rel=\"noreferrer noopener\" href=\"https:\/\/www.agence-france-electricite.fr\/actualites\/upcycling-economies-energie\/\" target=\"_blank\">https:\/\/www.agence-france-electricite.fr\/actualites\/upcycling-economies-energie\/<\/a>)<\/p>\n\n\n\n<figure class=\"wp-block-embed is-type-wp-embed is-provider-agence-france-electricite wp-block-embed-agence-france-electricite\"><div class=\"wp-block-embed__wrapper\">\n<blockquote class=\"wp-embedded-content\" data-secret=\"q9elHsjYZk\"><a href=\"https:\/\/www.agence-france-electricite.fr\/actualites\/upcycling-economies-energie\/\">Upcycling : un moyen de faire des \u00e9conomies d&rsquo;\u00e9nergie ?<\/a><\/blockquote><iframe class=\"wp-embedded-content lazyload\" sandbox=\"allow-scripts\" security=\"restricted\" style=\"position: absolute; clip: rect(1px, 1px, 1px, 1px);\" title=\"\u00ab\u00a0Upcycling : un moyen de faire des \u00e9conomies d&rsquo;\u00e9nergie ?\u00a0\u00bb &#8212; Agence France Electricite\" data-src=\"https:\/\/www.agence-france-electricite.fr\/actualites\/upcycling-economies-energie\/embed\/#?secret=q9elHsjYZk\" data-secret=\"q9elHsjYZk\" width=\"600\" height=\"338\" frameborder=\"0\" marginwidth=\"0\" marginheight=\"0\" scrolling=\"no\" src=\"data:image\/svg+xml;base64,PHN2ZyB3aWR0aD0iMSIgaGVpZ2h0PSIxIiB4bWxucz0iaHR0cDovL3d3dy53My5vcmcvMjAwMC9zdmciPjwvc3ZnPg==\" data-load-mode=\"1\"><\/iframe>\n<\/div><\/figure>\n","protected":false},"excerpt":{"rendered":"<p>Voici un bel article sur l&rsquo;upcycling que je vous invite \u00e0 lire pour encore mieux comprendre la d\u00e9marche de LAMPDA \ud83d\ude09 (source : Juliette Ray &#8211; https:\/\/www.agence-france-electricite.fr\/actualites\/upcycling-economies-energie\/)<\/p>\n","protected":false},"author":1,"featured_media":0,"comment_status":"open","ping_status":"open","sticky":false,"template":"","format":"standard","meta":{"_monsterinsights_skip_tracking":false,"_monsterinsights_sitenote_active":false,"_monsterinsights_sitenote_note":"","_monsterinsights_sitenote_category":0,"_uf_show_specific_survey":0,"_uf_disable_surveys":false,"jetpack_post_was_ever_published":false,"_jetpack_newsletter_access":"","_jetpack_dont_email_post_to_subs":false,"_jetpack_newsletter_tier_id":0,"_jetpack_memberships_contains_paywalled_content":false,"_jetpack_memberships_contains_paid_content":false,"footnotes":"","jetpack_publicize_message":"","jetpack_publicize_feature_enabled":true,"jetpack_social_post_already_shared":true,"jetpack_social_options":{"image_generator_settings":{"template":"highway","default_image_id":0,"font":"","enabled":false},"version":2}},"categories":[1],"tags":[],"class_list":["post-4446","post","type-post","status-publish","format-standard","hentry","category-non-classe"],"jetpack_publicize_connections":[],"jetpack_featured_media_url":"","jetpack_sharing_enabled":true,"jetpack_shortlink":"https:\/\/wp.me\/p9Ss9A-19I","jetpack-related-posts":[{"id":160,"url":"https:\/\/lampda.fr\/index.php\/2018\/04\/02\/jema-serris-77\/","url_meta":{"origin":4446,"position":0},"title":"JEMA Serris (77)","author":"Monsieur Lampda","date":"2 avril 2018","format":false,"excerpt":"Dans le cadre des Journ\u00e9es Europ\u00e9ennes des M\u00e9tiers d'Art (JEMA), le Carr\u00e9 d'Art de Serris et Lampda vous invitent \u00e0 d\u00e9couvrir le travail d'artisans r\u00e9sidents et d'autres pr\u00e9sents ce week-end des 7 et 8 avril 2018. Manifestation 100% fait main, fabriqu\u00e9 en France et upcycling :) Le Carr\u00e9 d'Art 34\u2026","rel":"","context":"Dans &quot;Non class\u00e9&quot;","block_context":{"text":"Non class\u00e9","link":"https:\/\/lampda.fr\/index.php\/category\/non-classe\/"},"img":{"alt_text":"","src":"https:\/\/i0.wp.com\/lampda.fr\/wp-content\/uploads\/2018\/05\/Affiche-JEMA-213x300.jpg?resize=350%2C200&ssl=1","width":350,"height":200},"classes":[]},{"id":3586,"url":"https:\/\/lampda.fr\/index.php\/2020\/10\/21\/du-nouveau\/","url_meta":{"origin":4446,"position":1},"title":"Du nouveau","author":"Monsieur Lampda","date":"21 octobre 2020","format":false,"excerpt":"Cela fait maintenant un petit moment que je n'ai pas publi\u00e9 dans cette fameuse rubrique actualit\u00e9s. Je suis toutefois bien toujours l\u00e0, au service des beaux objets \u00e0 mettre en lumi\u00e8re qui n'attendent que votre belle d\u00e9co pour \u00eatre adopt\u00e9s. Il y a d'ailleurs de nouveaux points de vente, n'h\u00e9sitez\u2026","rel":"","context":"Dans &quot;Non class\u00e9&quot;","block_context":{"text":"Non class\u00e9","link":"https:\/\/lampda.fr\/index.php\/category\/non-classe\/"},"img":{"alt_text":"","src":"","width":0,"height":0},"classes":[]},{"id":147,"url":"https:\/\/lampda.fr\/index.php\/2018\/05\/02\/salon-des-createurs-de-puteaux-92\/","url_meta":{"origin":4446,"position":2},"title":"Salon des Cr\u00e9ateurs de Puteaux (92)","author":"Monsieur Lampda","date":"2 mai 2018","format":false,"excerpt":"Lampda expose du vendredi 25 au dimanche 27 mai 2018 \u00e0 Puteaux.Plus de 30 exposants, que du 100% fait main et juste \u00e0 c\u00f4t\u00e9 du c\u00e9l\u00e8bre salon de la BD :)Cliquez ici pour le lien vers l'\u00e9v\u00e8nement.Salon des Cr\u00e9ateursVendredi 25 mai, 14h-21hSamedi 26 mai, 10h-21hDimanche 27 mai, 10h-18hEsplanade de l\u2019H\u00f4tel\u2026","rel":"","context":"Dans &quot;Non class\u00e9&quot;","block_context":{"text":"Non class\u00e9","link":"https:\/\/lampda.fr\/index.php\/category\/non-classe\/"},"img":{"alt_text":"","src":"","width":0,"height":0},"classes":[]},{"id":3219,"url":"https:\/\/lampda.fr\/index.php\/2020\/06\/13\/article-le-messager\/","url_meta":{"origin":4446,"position":3},"title":"Article Le Messager","author":"Monsieur Lampda","date":"13 juin 2020","format":false,"excerpt":"Un grand merci \u00e0 Vanessa De Carvalho pour ce tr\u00e8s bel article dans Le Messager !","rel":"","context":"Dans &quot;Non class\u00e9&quot;","block_context":{"text":"Non class\u00e9","link":"https:\/\/lampda.fr\/index.php\/category\/non-classe\/"},"img":{"alt_text":"Article Le Messager 11\/06\/2020","src":"https:\/\/i0.wp.com\/lampda.fr\/wp-content\/uploads\/2020\/06\/Capture-d%E2%80%99e%CC%81cran-2020-06-13-a%CC%80-14.14.01.png?resize=350%2C200&ssl=1","width":350,"height":200,"srcset":"https:\/\/i0.wp.com\/lampda.fr\/wp-content\/uploads\/2020\/06\/Capture-d%E2%80%99e%CC%81cran-2020-06-13-a%CC%80-14.14.01.png?resize=350%2C200&ssl=1 1x, https:\/\/i0.wp.com\/lampda.fr\/wp-content\/uploads\/2020\/06\/Capture-d%E2%80%99e%CC%81cran-2020-06-13-a%CC%80-14.14.01.png?resize=525%2C300&ssl=1 1.5x, https:\/\/i0.wp.com\/lampda.fr\/wp-content\/uploads\/2020\/06\/Capture-d%E2%80%99e%CC%81cran-2020-06-13-a%CC%80-14.14.01.png?resize=700%2C400&ssl=1 2x, https:\/\/i0.wp.com\/lampda.fr\/wp-content\/uploads\/2020\/06\/Capture-d%E2%80%99e%CC%81cran-2020-06-13-a%CC%80-14.14.01.png?resize=1050%2C600&ssl=1 3x, https:\/\/i0.wp.com\/lampda.fr\/wp-content\/uploads\/2020\/06\/Capture-d%E2%80%99e%CC%81cran-2020-06-13-a%CC%80-14.14.01.png?resize=1400%2C800&ssl=1 4x"},"classes":[]},{"id":3743,"url":"https:\/\/lampda.fr\/index.php\/2020\/10\/29\/les-amis-createurs\/","url_meta":{"origin":4446,"position":4},"title":"Les amis cr\u00e9ateurs","author":"Monsieur Lampda","date":"29 octobre 2020","format":false,"excerpt":"L'annonce lourde de cons\u00e9quences est tomb\u00e9e. Le confinement est \u00e0 nouveau de mise et les suites s'annoncent tr\u00e8s compliqu\u00e9es pour nombre d'entre nous. Nous souhaitons bon courage aux g\u00e9rants des belles boutiques sans qui nous n'aurions pas le plaisir de faire briller vos yeux. La France est un beau pays\u2026","rel":"","context":"Dans &quot;Non class\u00e9&quot;","block_context":{"text":"Non class\u00e9","link":"https:\/\/lampda.fr\/index.php\/category\/non-classe\/"},"img":{"alt_text":"","src":"","width":0,"height":0},"classes":[]}],"_links":{"self":[{"href":"https:\/\/lampda.fr\/index.php\/wp-json\/wp\/v2\/posts\/4446","targetHints":{"allow":["GET"]}}],"collection":[{"href":"https:\/\/lampda.fr\/index.php\/wp-json\/wp\/v2\/posts"}],"about":[{"href":"https:\/\/lampda.fr\/index.php\/wp-json\/wp\/v2\/types\/post"}],"author":[{"embeddable":true,"href":"https:\/\/lampda.fr\/index.php\/wp-json\/wp\/v2\/users\/1"}],"replies":[{"embeddable":true,"href":"https:\/\/lampda.fr\/index.php\/wp-json\/wp\/v2\/comments?post=4446"}],"version-history":[{"count":1,"href":"https:\/\/lampda.fr\/index.php\/wp-json\/wp\/v2\/posts\/4446\/revisions"}],"predecessor-version":[{"id":4448,"href":"https:\/\/lampda.fr\/index.php\/wp-json\/wp\/v2\/posts\/4446\/revisions\/4448"}],"wp:attachment":[{"href":"https:\/\/lampda.fr\/index.php\/wp-json\/wp\/v2\/media?parent=4446"}],"wp:term":[{"taxonomy":"category","embeddable":true,"href":"https:\/\/lampda.fr\/index.php\/wp-json\/wp\/v2\/categories?post=4446"},{"taxonomy":"post_tag","embeddable":true,"href":"https:\/\/lampda.fr\/index.php\/wp-json\/wp\/v2\/tags?post=4446"}],"curies":[{"name":"wp","href":"https:\/\/api.w.org\/{rel}","templated":true}]}}