{"id":593,"date":"2018-09-25T10:29:42","date_gmt":"2018-09-25T08:29:42","guid":{"rendered":"https:\/\/lampda.fr\/?p=593"},"modified":"2018-09-25T10:30:32","modified_gmt":"2018-09-25T08:30:32","slug":"marches-de-noel","status":"publish","type":"post","link":"https:\/\/lampda.fr\/index.php\/2018\/09\/25\/marches-de-noel\/","title":{"rendered":"March\u00e9s de No\u00ebl"},"content":{"rendered":"<p><img data-recalc-dims=\"1\" fetchpriority=\"high\" decoding=\"async\" data-attachment-id=\"594\" data-permalink=\"https:\/\/lampda.fr\/index.php\/2018\/09\/25\/marches-de-noel\/marche-de-noel-49\/\" data-orig-file=\"https:\/\/i0.wp.com\/lampda.fr\/wp-content\/uploads\/2018\/09\/Marche-de-Noel-49.jpg?fit=700%2C481&amp;ssl=1\" data-orig-size=\"700,481\" data-comments-opened=\"1\" data-image-meta=\"{&quot;aperture&quot;:&quot;0&quot;,&quot;credit&quot;:&quot;&quot;,&quot;camera&quot;:&quot;&quot;,&quot;caption&quot;:&quot;&quot;,&quot;created_timestamp&quot;:&quot;0&quot;,&quot;copyright&quot;:&quot;&quot;,&quot;focal_length&quot;:&quot;0&quot;,&quot;iso&quot;:&quot;0&quot;,&quot;shutter_speed&quot;:&quot;0&quot;,&quot;title&quot;:&quot;&quot;,&quot;orientation&quot;:&quot;1&quot;}\" data-image-title=\"Marche-de-Noel-49\" data-image-description=\"\" data-image-caption=\"\" data-large-file=\"https:\/\/i0.wp.com\/lampda.fr\/wp-content\/uploads\/2018\/09\/Marche-de-Noel-49.jpg?fit=700%2C481&amp;ssl=1\" class=\"size-medium wp-image-594 alignleft\" src=\"https:\/\/i0.wp.com\/lampda.fr\/wp-content\/uploads\/2018\/09\/Marche-de-Noel-49.jpg?resize=300%2C206&#038;ssl=1\" alt=\"\" width=\"300\" height=\"206\" srcset=\"https:\/\/i0.wp.com\/lampda.fr\/wp-content\/uploads\/2018\/09\/Marche-de-Noel-49.jpg?resize=300%2C206&amp;ssl=1 300w, https:\/\/i0.wp.com\/lampda.fr\/wp-content\/uploads\/2018\/09\/Marche-de-Noel-49.jpg?resize=416%2C286&amp;ssl=1 416w, https:\/\/i0.wp.com\/lampda.fr\/wp-content\/uploads\/2018\/09\/Marche-de-Noel-49.jpg?w=700&amp;ssl=1 700w\" sizes=\"(max-width: 300px) 100vw, 300px\" \/><\/p>\n<p>&nbsp;<\/p>\n<p>Les f\u00eates de fin d&rsquo;ann\u00e9e approchent et Lampda vient \u00e0 votre rencontre pour vous proposer ses plus belles cr\u00e9ations \ud83d\ude42<\/p>\n<p>A offrir ou \u00e0 s&rsquo;offrir, venez y d\u00e9couvrir plein de belles id\u00e9es !<\/p>\n<h2><\/h2>\n<h2><\/h2>\n<h2>March\u00e9 de No\u00ebl de Serris (77) les 17 et 18 novembre 2018<\/h2>\n<p>Le Carr\u00e9 d&rsquo;Art, rue Robert Thiboust, SERRIS (77)<\/p>\n<h2>March\u00e9 de No\u00ebl de Puteaux (92) les 7, 8 et 9 d\u00e9cembre 2018<\/h2>\n","protected":false},"excerpt":{"rendered":"<p>&nbsp; Les f\u00eates de fin d&rsquo;ann\u00e9e approchent et Lampda vient \u00e0 votre rencontre pour vous proposer ses plus belles cr\u00e9ations \ud83d\ude42 A offrir ou \u00e0 s&rsquo;offrir, venez y d\u00e9couvrir plein de belles id\u00e9es ! March\u00e9 de No\u00ebl de Serris (77) les 17 et 18 novembre 2018 Le Carr\u00e9 d&rsquo;Art, rue Robert Thiboust, SERRIS (77) March\u00e9 [&hellip;]<\/p>\n","protected":false},"author":1,"featured_media":0,"comment_status":"open","ping_status":"open","sticky":false,"template":"","format":"standard","meta":{"_monsterinsights_skip_tracking":false,"_monsterinsights_sitenote_active":false,"_monsterinsights_sitenote_note":"","_monsterinsights_sitenote_category":0,"_uf_show_specific_survey":0,"_uf_disable_surveys":false,"jetpack_post_was_ever_published":false,"_jetpack_newsletter_access":"","_jetpack_dont_email_post_to_subs":false,"_jetpack_newsletter_tier_id":0,"_jetpack_memberships_contains_paywalled_content":false,"_jetpack_memberships_contains_paid_content":false,"footnotes":"","jetpack_publicize_message":"","jetpack_publicize_feature_enabled":true,"jetpack_social_post_already_shared":true,"jetpack_social_options":{"image_generator_settings":{"template":"highway","default_image_id":0,"font":"","enabled":false},"version":2}},"categories":[1],"tags":[],"class_list":["post-593","post","type-post","status-publish","format-standard","hentry","category-non-classe"],"jetpack_publicize_connections":[],"jetpack_featured_media_url":"","jetpack_sharing_enabled":true,"jetpack_shortlink":"https:\/\/wp.me\/p9Ss9A-9z","jetpack-related-posts":[{"id":3743,"url":"https:\/\/lampda.fr\/index.php\/2020\/10\/29\/les-amis-createurs\/","url_meta":{"origin":593,"position":0},"title":"Les amis cr\u00e9ateurs","author":"Monsieur Lampda","date":"29 octobre 2020","format":false,"excerpt":"L'annonce lourde de cons\u00e9quences est tomb\u00e9e. Le confinement est \u00e0 nouveau de mise et les suites s'annoncent tr\u00e8s compliqu\u00e9es pour nombre d'entre nous. Nous souhaitons bon courage aux g\u00e9rants des belles boutiques sans qui nous n'aurions pas le plaisir de faire briller vos yeux. La France est un beau pays\u2026","rel":"","context":"Dans &quot;Non class\u00e9&quot;","block_context":{"text":"Non class\u00e9","link":"https:\/\/lampda.fr\/index.php\/category\/non-classe\/"},"img":{"alt_text":"","src":"","width":0,"height":0},"classes":[]},{"id":978,"url":"https:\/\/lampda.fr\/index.php\/2019\/12\/06\/lampda-avec-vous-pour-noel\/","url_meta":{"origin":593,"position":1},"title":"LAMPDA avec vous pour No\u00ebl :)","author":"Monsieur Lampda","date":"6 d\u00e9cembre 2019","format":false,"excerpt":"Des diiizaines de lampes sont parties de l'atelier pour garnir les hottes des P\u00e8res No\u00ebl \u00e9coresponsables ;) Retrouvez les derni\u00e8res cr\u00e9ations sur la boutique en ligne et dans nos boutiques partenaires (toutes les infos en cliquant). Offrez (vous) du local, du fait main et de l'upcycl\u00e9 ;)Et comme depuis le\u2026","rel":"","context":"Dans &quot;Non class\u00e9&quot;","block_context":{"text":"Non class\u00e9","link":"https:\/\/lampda.fr\/index.php\/category\/non-classe\/"},"img":{"alt_text":"","src":"https:\/\/i0.wp.com\/lampda.fr\/wp-content\/uploads\/2019\/12\/Capture-d%E2%80%99e%CC%81cran-2019-12-06-a%CC%80-14.04.56.png?resize=350%2C200&ssl=1","width":350,"height":200,"srcset":"https:\/\/i0.wp.com\/lampda.fr\/wp-content\/uploads\/2019\/12\/Capture-d%E2%80%99e%CC%81cran-2019-12-06-a%CC%80-14.04.56.png?resize=350%2C200&ssl=1 1x, https:\/\/i0.wp.com\/lampda.fr\/wp-content\/uploads\/2019\/12\/Capture-d%E2%80%99e%CC%81cran-2019-12-06-a%CC%80-14.04.56.png?resize=525%2C300&ssl=1 1.5x, https:\/\/i0.wp.com\/lampda.fr\/wp-content\/uploads\/2019\/12\/Capture-d%E2%80%99e%CC%81cran-2019-12-06-a%CC%80-14.04.56.png?resize=700%2C400&ssl=1 2x, https:\/\/i0.wp.com\/lampda.fr\/wp-content\/uploads\/2019\/12\/Capture-d%E2%80%99e%CC%81cran-2019-12-06-a%CC%80-14.04.56.png?resize=1050%2C600&ssl=1 3x"},"classes":[]},{"id":3985,"url":"https:\/\/lampda.fr\/index.php\/2020\/12\/05\/marche-de-noel-anthy\/","url_meta":{"origin":593,"position":2},"title":"March\u00e9 de No\u00ebl Anthy","author":"Monsieur Lampda","date":"5 d\u00e9cembre 2020","format":false,"excerpt":"LAMPDA y sera ! Venez avec votre plus beau masque pour craquer sur la plus belle des lampes","rel":"","context":"Dans &quot;Non class\u00e9&quot;","block_context":{"text":"Non class\u00e9","link":"https:\/\/lampda.fr\/index.php\/category\/non-classe\/"},"img":{"alt_text":"","src":"https:\/\/i0.wp.com\/lampda.fr\/wp-content\/uploads\/2020\/12\/Affiche-marche%CC%81-Noe%CC%88l_page-0001-scaled.jpg?resize=350%2C200&ssl=1","width":350,"height":200,"srcset":"https:\/\/i0.wp.com\/lampda.fr\/wp-content\/uploads\/2020\/12\/Affiche-marche%CC%81-Noe%CC%88l_page-0001-scaled.jpg?resize=350%2C200&ssl=1 1x, https:\/\/i0.wp.com\/lampda.fr\/wp-content\/uploads\/2020\/12\/Affiche-marche%CC%81-Noe%CC%88l_page-0001-scaled.jpg?resize=525%2C300&ssl=1 1.5x, https:\/\/i0.wp.com\/lampda.fr\/wp-content\/uploads\/2020\/12\/Affiche-marche%CC%81-Noe%CC%88l_page-0001-scaled.jpg?resize=700%2C400&ssl=1 2x, https:\/\/i0.wp.com\/lampda.fr\/wp-content\/uploads\/2020\/12\/Affiche-marche%CC%81-Noe%CC%88l_page-0001-scaled.jpg?resize=1050%2C600&ssl=1 3x, https:\/\/i0.wp.com\/lampda.fr\/wp-content\/uploads\/2020\/12\/Affiche-marche%CC%81-Noe%CC%88l_page-0001-scaled.jpg?resize=1400%2C800&ssl=1 4x"},"classes":[]},{"id":676,"url":"https:\/\/lampda.fr\/index.php\/2018\/11\/04\/vernissage-de-la-magie-a-paris\/","url_meta":{"origin":593,"position":3},"title":"Vernissage &#8211; De la Magie \u00e0 Paris","author":"Monsieur Lampda","date":"4 novembre 2018","format":false,"excerpt":"LAMPDA et les autres cr\u00e9ateurs de la boutique \u00e9ph\u00e9m\u00e8re \"De la Magie \u00e0 Paris\" organisent un vernissage vendredi 09\/11\/2018. Soyez les bienvenus pour d\u00e9couvrir nos derni\u00e8res nouveaut\u00e9s dans une boutique absolument magnifique et pleine des belles \u00e9nergies de Virginie, notre organisatrice de g\u00e9nie :) Rendez-vous au 30 rue du Ch\u00e2teau\u2026","rel":"","context":"Dans &quot;Non class\u00e9&quot;","block_context":{"text":"Non class\u00e9","link":"https:\/\/lampda.fr\/index.php\/category\/non-classe\/"},"img":{"alt_text":"","src":"","width":0,"height":0},"classes":[]},{"id":786,"url":"https:\/\/lampda.fr\/index.php\/2019\/05\/25\/labelle-flingueuse-1-juin-2019\/","url_meta":{"origin":593,"position":4},"title":"Labelle Flingueuse &#8211; 1 juin 2019","author":"Monsieur Lampda","date":"25 mai 2019","format":false,"excerpt":"LAMPDA rejoint plus de 100 cr\u00e9ateurs et artisans sur le tr\u00e8s beau salon Labelle Flingueuse de Montreuil. De tr\u00e8s belles cr\u00e9ations \u00e0 d\u00e9couvrir ;) Toutes les infos sur l'\u00e9v\u00e8nement sont ici.","rel":"","context":"Dans &quot;Non class\u00e9&quot;","block_context":{"text":"Non class\u00e9","link":"https:\/\/lampda.fr\/index.php\/category\/non-classe\/"},"img":{"alt_text":"","src":"https:\/\/i0.wp.com\/lampda.fr\/wp-content\/uploads\/2019\/05\/60045096_1265695233587200_9099188988840771584_n.jpg?resize=350%2C200&ssl=1","width":350,"height":200,"srcset":"https:\/\/i0.wp.com\/lampda.fr\/wp-content\/uploads\/2019\/05\/60045096_1265695233587200_9099188988840771584_n.jpg?resize=350%2C200&ssl=1 1x, https:\/\/i0.wp.com\/lampda.fr\/wp-content\/uploads\/2019\/05\/60045096_1265695233587200_9099188988840771584_n.jpg?resize=525%2C300&ssl=1 1.5x"},"classes":[]},{"id":895,"url":"https:\/\/lampda.fr\/index.php\/2019\/10\/05\/de-nouvelles-boutiques\/","url_meta":{"origin":593,"position":5},"title":"De nouvelles boutiques :)","author":"Monsieur Lampda","date":"5 octobre 2019","format":false,"excerpt":"LAMPDA s'installe dans...trois nouvelles boutiques ! Plus de 50 nouvelles cr\u00e9ations rejoignent ces boutiques toutes neuves et toutes belles. Allez les visiter :) Pooow Espace Cr\u00e9ateurs - Passage du Havre - 109 rue Saint-Lazare, Paris IX - Beaucoup de choix :) Pooow Espace Cr\u00e9ateurs - Centre commercial So Ouest -\u2026","rel":"","context":"Dans &quot;Non class\u00e9&quot;","block_context":{"text":"Non class\u00e9","link":"https:\/\/lampda.fr\/index.php\/category\/non-classe\/"},"img":{"alt_text":"","src":"","width":0,"height":0},"classes":[]}],"_links":{"self":[{"href":"https:\/\/lampda.fr\/index.php\/wp-json\/wp\/v2\/posts\/593","targetHints":{"allow":["GET"]}}],"collection":[{"href":"https:\/\/lampda.fr\/index.php\/wp-json\/wp\/v2\/posts"}],"about":[{"href":"https:\/\/lampda.fr\/index.php\/wp-json\/wp\/v2\/types\/post"}],"author":[{"embeddable":true,"href":"https:\/\/lampda.fr\/index.php\/wp-json\/wp\/v2\/users\/1"}],"replies":[{"embeddable":true,"href":"https:\/\/lampda.fr\/index.php\/wp-json\/wp\/v2\/comments?post=593"}],"version-history":[{"count":3,"href":"https:\/\/lampda.fr\/index.php\/wp-json\/wp\/v2\/posts\/593\/revisions"}],"predecessor-version":[{"id":669,"href":"https:\/\/lampda.fr\/index.php\/wp-json\/wp\/v2\/posts\/593\/revisions\/669"}],"wp:attachment":[{"href":"https:\/\/lampda.fr\/index.php\/wp-json\/wp\/v2\/media?parent=593"}],"wp:term":[{"taxonomy":"category","embeddable":true,"href":"https:\/\/lampda.fr\/index.php\/wp-json\/wp\/v2\/categories?post=593"},{"taxonomy":"post_tag","embeddable":true,"href":"https:\/\/lampda.fr\/index.php\/wp-json\/wp\/v2\/tags?post=593"}],"curies":[{"name":"wp","href":"https:\/\/api.w.org\/{rel}","templated":true}]}}