{"id":662,"date":"2018-10-25T20:43:16","date_gmt":"2018-10-25T18:43:16","guid":{"rendered":"https:\/\/lampda.fr\/?p=662"},"modified":"2018-10-25T20:45:42","modified_gmt":"2018-10-25T18:45:42","slug":"foire-de-paris-hors-serie-maison","status":"publish","type":"post","link":"https:\/\/lampda.fr\/index.php\/2018\/10\/25\/foire-de-paris-hors-serie-maison\/","title":{"rendered":"Foire de Paris &#8211; Hors-s\u00e9rie Maison 2018"},"content":{"rendered":"<p><img data-recalc-dims=\"1\" decoding=\"async\" class=\"irc_mi alignleft lazyload\" data-src=\"https:\/\/i0.wp.com\/fr.magicstay.com\/public\/upload\/photo_salon\/salon_1372.png?resize=200%2C200&#038;ssl=1\" alt=\"R\u00e9sultat de recherche d'images pour &quot;foire de paris hors s\u00e9rie&quot;\" width=\"200\" height=\"200\" src=\"data:image\/svg+xml;base64,PHN2ZyB3aWR0aD0iMSIgaGVpZ2h0PSIxIiB4bWxucz0iaHR0cDovL3d3dy53My5vcmcvMjAwMC9zdmciPjwvc3ZnPg==\" style=\"--smush-placeholder-width: 200px; --smush-placeholder-aspect-ratio: 200\/200;\" \/><\/p>\n<p>Lampda expose cette ann\u00e9e \u00e0 la Foire de Paris ! \ud83d\ude42<\/p>\n<p>RdV \u00e0 Paris Expo porte de Versailles du 26 octobre au 4 novembre 2018, pavillon 7.3, stand J048 aux c\u00f4t\u00e9s des cr\u00e9ateurs de g\u00e9nie du r\u00e9seau Pooow.<\/p>\n<p>Venez y d\u00e9couvrir les derni\u00e8res nouveaut\u00e9s ! \ud83d\ude09<\/p>\n<p><a href=\"https:\/\/www.foiredeparis.fr\/\">-&gt; Plus d&rsquo;infos ici &lt;-<\/a><\/p>\n","protected":false},"excerpt":{"rendered":"<p>Lampda expose cette ann\u00e9e \u00e0 la Foire de Paris ! \ud83d\ude42 RdV \u00e0 Paris Expo porte de Versailles du 26 octobre au 4 novembre 2018, pavillon 7.3, stand J048 aux c\u00f4t\u00e9s des cr\u00e9ateurs de g\u00e9nie du r\u00e9seau Pooow. Venez y d\u00e9couvrir les derni\u00e8res nouveaut\u00e9s ! \ud83d\ude09 -&gt; Plus d&rsquo;infos ici &lt;-<\/p>\n","protected":false},"author":1,"featured_media":0,"comment_status":"open","ping_status":"open","sticky":false,"template":"","format":"standard","meta":{"_monsterinsights_skip_tracking":false,"_monsterinsights_sitenote_active":false,"_monsterinsights_sitenote_note":"","_monsterinsights_sitenote_category":0,"_uf_show_specific_survey":0,"_uf_disable_surveys":false,"jetpack_post_was_ever_published":false,"_jetpack_newsletter_access":"","_jetpack_dont_email_post_to_subs":false,"_jetpack_newsletter_tier_id":0,"_jetpack_memberships_contains_paywalled_content":false,"_jetpack_memberships_contains_paid_content":false,"footnotes":"","jetpack_publicize_message":"","jetpack_publicize_feature_enabled":true,"jetpack_social_post_already_shared":true,"jetpack_social_options":{"image_generator_settings":{"template":"highway","default_image_id":0,"font":"","enabled":false},"version":2}},"categories":[1],"tags":[],"class_list":["post-662","post","type-post","status-publish","format-standard","hentry","category-non-classe"],"jetpack_publicize_connections":[],"jetpack_featured_media_url":"","jetpack_sharing_enabled":true,"jetpack_shortlink":"https:\/\/wp.me\/p9Ss9A-aG","jetpack-related-posts":[{"id":153,"url":"https:\/\/lampda.fr\/index.php\/2018\/05\/02\/villages-nature-paris-77\/","url_meta":{"origin":662,"position":0},"title":"Villages Nature Paris (77)","author":"Monsieur Lampda","date":"2 mai 2018","format":false,"excerpt":"Lampda exposera pour le premier d'une longue et belle s\u00e9rie de march\u00e9s au coeur des Villages Nature, au portes de Disneyland Paris. Cette \u00e9v\u00e8nement est r\u00e9serv\u00e9 aux pensionnaires du complexe.","rel":"","context":"Dans &quot;Non class\u00e9&quot;","block_context":{"text":"Non class\u00e9","link":"https:\/\/lampda.fr\/index.php\/category\/non-classe\/"},"img":{"alt_text":"R\u00e9sultat de recherche d'images pour \"villages nature paris\"","src":"https:\/\/i0.wp.com\/www.isic.fr\/media\/benefits\/2\/2380_product_scale_365x365.jpg?resize=350%2C200&ssl=1","width":350,"height":200},"classes":[]},{"id":676,"url":"https:\/\/lampda.fr\/index.php\/2018\/11\/04\/vernissage-de-la-magie-a-paris\/","url_meta":{"origin":662,"position":1},"title":"Vernissage &#8211; De la Magie \u00e0 Paris","author":"Monsieur Lampda","date":"4 novembre 2018","format":false,"excerpt":"LAMPDA et les autres cr\u00e9ateurs de la boutique \u00e9ph\u00e9m\u00e8re \"De la Magie \u00e0 Paris\" organisent un vernissage vendredi 09\/11\/2018. Soyez les bienvenus pour d\u00e9couvrir nos derni\u00e8res nouveaut\u00e9s dans une boutique absolument magnifique et pleine des belles \u00e9nergies de Virginie, notre organisatrice de g\u00e9nie :) Rendez-vous au 30 rue du Ch\u00e2teau\u2026","rel":"","context":"Dans &quot;Non class\u00e9&quot;","block_context":{"text":"Non class\u00e9","link":"https:\/\/lampda.fr\/index.php\/category\/non-classe\/"},"img":{"alt_text":"","src":"","width":0,"height":0},"classes":[]},{"id":1856,"url":"https:\/\/lampda.fr\/index.php\/2020\/02\/10\/lampda-x-hec-paris\/","url_meta":{"origin":662,"position":2},"title":"LAMPDA x HEC Paris","author":"Monsieur Lampda","date":"10 f\u00e9vrier 2020","format":false,"excerpt":"LAMPDA est fier de participer \u00e0 l\u2019\u00e9v\u00e9nement Earth Week organis\u00e9 par les associations \u00e9tudiante d\u2019HEC Paris. Nous promouvons ensemble l\u2019upcycling et que et la consommation raisonn\u00e9e \ud83d\udca1\ud83c\udfe1Quelques lampes y sont pr\u00e9sent\u00e9es et des documents permettent de mieux comprendre notre d\u00e9marche \u267b\ufe0f Toutes les infos ici \ud83d\udc48","rel":"","context":"Dans &quot;Non class\u00e9&quot;","block_context":{"text":"Non class\u00e9","link":"https:\/\/lampda.fr\/index.php\/category\/non-classe\/"},"img":{"alt_text":"","src":"https:\/\/i0.wp.com\/lampda.fr\/wp-content\/uploads\/2020\/02\/B2EC3030-9C65-46D3-AEB6-06DCA71BF532.jpeg?resize=350%2C200&ssl=1","width":350,"height":200,"srcset":"https:\/\/i0.wp.com\/lampda.fr\/wp-content\/uploads\/2020\/02\/B2EC3030-9C65-46D3-AEB6-06DCA71BF532.jpeg?resize=350%2C200&ssl=1 1x, https:\/\/i0.wp.com\/lampda.fr\/wp-content\/uploads\/2020\/02\/B2EC3030-9C65-46D3-AEB6-06DCA71BF532.jpeg?resize=525%2C300&ssl=1 1.5x, https:\/\/i0.wp.com\/lampda.fr\/wp-content\/uploads\/2020\/02\/B2EC3030-9C65-46D3-AEB6-06DCA71BF532.jpeg?resize=700%2C400&ssl=1 2x, https:\/\/i0.wp.com\/lampda.fr\/wp-content\/uploads\/2020\/02\/B2EC3030-9C65-46D3-AEB6-06DCA71BF532.jpeg?resize=1050%2C600&ssl=1 3x, https:\/\/i0.wp.com\/lampda.fr\/wp-content\/uploads\/2020\/02\/B2EC3030-9C65-46D3-AEB6-06DCA71BF532.jpeg?resize=1400%2C800&ssl=1 4x"},"classes":[]},{"id":147,"url":"https:\/\/lampda.fr\/index.php\/2018\/05\/02\/salon-des-createurs-de-puteaux-92\/","url_meta":{"origin":662,"position":3},"title":"Salon des Cr\u00e9ateurs de Puteaux (92)","author":"Monsieur Lampda","date":"2 mai 2018","format":false,"excerpt":"Lampda expose du vendredi 25 au dimanche 27 mai 2018 \u00e0 Puteaux.Plus de 30 exposants, que du 100% fait main et juste \u00e0 c\u00f4t\u00e9 du c\u00e9l\u00e8bre salon de la BD :)Cliquez ici pour le lien vers l'\u00e9v\u00e8nement.Salon des Cr\u00e9ateursVendredi 25 mai, 14h-21hSamedi 26 mai, 10h-21hDimanche 27 mai, 10h-18hEsplanade de l\u2019H\u00f4tel\u2026","rel":"","context":"Dans &quot;Non class\u00e9&quot;","block_context":{"text":"Non class\u00e9","link":"https:\/\/lampda.fr\/index.php\/category\/non-classe\/"},"img":{"alt_text":"","src":"","width":0,"height":0},"classes":[]},{"id":895,"url":"https:\/\/lampda.fr\/index.php\/2019\/10\/05\/de-nouvelles-boutiques\/","url_meta":{"origin":662,"position":4},"title":"De nouvelles boutiques :)","author":"Monsieur Lampda","date":"5 octobre 2019","format":false,"excerpt":"LAMPDA s'installe dans...trois nouvelles boutiques ! Plus de 50 nouvelles cr\u00e9ations rejoignent ces boutiques toutes neuves et toutes belles. Allez les visiter :) Pooow Espace Cr\u00e9ateurs - Passage du Havre - 109 rue Saint-Lazare, Paris IX - Beaucoup de choix :) Pooow Espace Cr\u00e9ateurs - Centre commercial So Ouest -\u2026","rel":"","context":"Dans &quot;Non class\u00e9&quot;","block_context":{"text":"Non class\u00e9","link":"https:\/\/lampda.fr\/index.php\/category\/non-classe\/"},"img":{"alt_text":"","src":"","width":0,"height":0},"classes":[]},{"id":3586,"url":"https:\/\/lampda.fr\/index.php\/2020\/10\/21\/du-nouveau\/","url_meta":{"origin":662,"position":5},"title":"Du nouveau","author":"Monsieur Lampda","date":"21 octobre 2020","format":false,"excerpt":"Cela fait maintenant un petit moment que je n'ai pas publi\u00e9 dans cette fameuse rubrique actualit\u00e9s. Je suis toutefois bien toujours l\u00e0, au service des beaux objets \u00e0 mettre en lumi\u00e8re qui n'attendent que votre belle d\u00e9co pour \u00eatre adopt\u00e9s. Il y a d'ailleurs de nouveaux points de vente, n'h\u00e9sitez\u2026","rel":"","context":"Dans &quot;Non class\u00e9&quot;","block_context":{"text":"Non class\u00e9","link":"https:\/\/lampda.fr\/index.php\/category\/non-classe\/"},"img":{"alt_text":"","src":"","width":0,"height":0},"classes":[]}],"_links":{"self":[{"href":"https:\/\/lampda.fr\/index.php\/wp-json\/wp\/v2\/posts\/662","targetHints":{"allow":["GET"]}}],"collection":[{"href":"https:\/\/lampda.fr\/index.php\/wp-json\/wp\/v2\/posts"}],"about":[{"href":"https:\/\/lampda.fr\/index.php\/wp-json\/wp\/v2\/types\/post"}],"author":[{"embeddable":true,"href":"https:\/\/lampda.fr\/index.php\/wp-json\/wp\/v2\/users\/1"}],"replies":[{"embeddable":true,"href":"https:\/\/lampda.fr\/index.php\/wp-json\/wp\/v2\/comments?post=662"}],"version-history":[{"count":4,"href":"https:\/\/lampda.fr\/index.php\/wp-json\/wp\/v2\/posts\/662\/revisions"}],"predecessor-version":[{"id":667,"href":"https:\/\/lampda.fr\/index.php\/wp-json\/wp\/v2\/posts\/662\/revisions\/667"}],"wp:attachment":[{"href":"https:\/\/lampda.fr\/index.php\/wp-json\/wp\/v2\/media?parent=662"}],"wp:term":[{"taxonomy":"category","embeddable":true,"href":"https:\/\/lampda.fr\/index.php\/wp-json\/wp\/v2\/categories?post=662"},{"taxonomy":"post_tag","embeddable":true,"href":"https:\/\/lampda.fr\/index.php\/wp-json\/wp\/v2\/tags?post=662"}],"curies":[{"name":"wp","href":"https:\/\/api.w.org\/{rel}","templated":true}]}}