{"id":676,"date":"2018-11-04T18:12:42","date_gmt":"2018-11-04T17:12:42","guid":{"rendered":"https:\/\/lampda.fr\/?p=676"},"modified":"2018-11-04T18:12:42","modified_gmt":"2018-11-04T17:12:42","slug":"vernissage-de-la-magie-a-paris","status":"publish","type":"post","link":"https:\/\/lampda.fr\/index.php\/2018\/11\/04\/vernissage-de-la-magie-a-paris\/","title":{"rendered":"Vernissage &#8211; De la Magie \u00e0 Paris"},"content":{"rendered":"<p>LAMPDA et les autres cr\u00e9ateurs de la boutique \u00e9ph\u00e9m\u00e8re \u00ab\u00a0De la Magie \u00e0 Paris\u00a0\u00bb organisent un vernissage vendredi 09\/11\/2018.<\/p>\n<p>Soyez les bienvenus pour d\u00e9couvrir nos derni\u00e8res nouveaut\u00e9s dans une boutique absolument magnifique et pleine des belles \u00e9nergies de Virginie, notre organisatrice de g\u00e9nie \ud83d\ude42<\/p>\n<p>Rendez-vous au 30 rue du Ch\u00e2teau d&rsquo;eau &#8211; Paris X \u00e0 partir de 19h !<\/p>\n","protected":false},"excerpt":{"rendered":"<p>LAMPDA et les autres cr\u00e9ateurs de la boutique \u00e9ph\u00e9m\u00e8re \u00ab\u00a0De la Magie \u00e0 Paris\u00a0\u00bb organisent un vernissage vendredi 09\/11\/2018. Soyez les bienvenus pour d\u00e9couvrir nos derni\u00e8res nouveaut\u00e9s dans une boutique absolument magnifique et pleine des belles \u00e9nergies de Virginie, notre organisatrice de g\u00e9nie \ud83d\ude42 Rendez-vous au 30 rue du Ch\u00e2teau d&rsquo;eau &#8211; Paris X \u00e0 [&hellip;]<\/p>\n","protected":false},"author":1,"featured_media":0,"comment_status":"open","ping_status":"open","sticky":false,"template":"","format":"standard","meta":{"_monsterinsights_skip_tracking":false,"_monsterinsights_sitenote_active":false,"_monsterinsights_sitenote_note":"","_monsterinsights_sitenote_category":0,"_uf_show_specific_survey":0,"_uf_disable_surveys":false,"jetpack_post_was_ever_published":false,"_jetpack_newsletter_access":"","_jetpack_dont_email_post_to_subs":false,"_jetpack_newsletter_tier_id":0,"_jetpack_memberships_contains_paywalled_content":false,"_jetpack_memberships_contains_paid_content":false,"footnotes":"","jetpack_publicize_message":"","jetpack_publicize_feature_enabled":true,"jetpack_social_post_already_shared":true,"jetpack_social_options":{"image_generator_settings":{"template":"highway","default_image_id":0,"font":"","enabled":false},"version":2}},"categories":[1],"tags":[],"class_list":["post-676","post","type-post","status-publish","format-standard","hentry","category-non-classe"],"jetpack_publicize_connections":[],"jetpack_featured_media_url":"","jetpack_sharing_enabled":true,"jetpack_shortlink":"https:\/\/wp.me\/p9Ss9A-aU","jetpack-related-posts":[{"id":1856,"url":"https:\/\/lampda.fr\/index.php\/2020\/02\/10\/lampda-x-hec-paris\/","url_meta":{"origin":676,"position":0},"title":"LAMPDA x HEC Paris","author":"Monsieur Lampda","date":"10 f\u00e9vrier 2020","format":false,"excerpt":"LAMPDA est fier de participer \u00e0 l\u2019\u00e9v\u00e9nement Earth Week organis\u00e9 par les associations \u00e9tudiante d\u2019HEC Paris. Nous promouvons ensemble l\u2019upcycling et que et la consommation raisonn\u00e9e \ud83d\udca1\ud83c\udfe1Quelques lampes y sont pr\u00e9sent\u00e9es et des documents permettent de mieux comprendre notre d\u00e9marche \u267b\ufe0f Toutes les infos ici \ud83d\udc48","rel":"","context":"Dans &quot;Non class\u00e9&quot;","block_context":{"text":"Non class\u00e9","link":"https:\/\/lampda.fr\/index.php\/category\/non-classe\/"},"img":{"alt_text":"","src":"https:\/\/i0.wp.com\/lampda.fr\/wp-content\/uploads\/2020\/02\/B2EC3030-9C65-46D3-AEB6-06DCA71BF532.jpeg?resize=350%2C200&ssl=1","width":350,"height":200,"srcset":"https:\/\/i0.wp.com\/lampda.fr\/wp-content\/uploads\/2020\/02\/B2EC3030-9C65-46D3-AEB6-06DCA71BF532.jpeg?resize=350%2C200&ssl=1 1x, https:\/\/i0.wp.com\/lampda.fr\/wp-content\/uploads\/2020\/02\/B2EC3030-9C65-46D3-AEB6-06DCA71BF532.jpeg?resize=525%2C300&ssl=1 1.5x, https:\/\/i0.wp.com\/lampda.fr\/wp-content\/uploads\/2020\/02\/B2EC3030-9C65-46D3-AEB6-06DCA71BF532.jpeg?resize=700%2C400&ssl=1 2x, https:\/\/i0.wp.com\/lampda.fr\/wp-content\/uploads\/2020\/02\/B2EC3030-9C65-46D3-AEB6-06DCA71BF532.jpeg?resize=1050%2C600&ssl=1 3x, https:\/\/i0.wp.com\/lampda.fr\/wp-content\/uploads\/2020\/02\/B2EC3030-9C65-46D3-AEB6-06DCA71BF532.jpeg?resize=1400%2C800&ssl=1 4x"},"classes":[]},{"id":978,"url":"https:\/\/lampda.fr\/index.php\/2019\/12\/06\/lampda-avec-vous-pour-noel\/","url_meta":{"origin":676,"position":1},"title":"LAMPDA avec vous pour No\u00ebl :)","author":"Monsieur Lampda","date":"6 d\u00e9cembre 2019","format":false,"excerpt":"Des diiizaines de lampes sont parties de l'atelier pour garnir les hottes des P\u00e8res No\u00ebl \u00e9coresponsables ;) Retrouvez les derni\u00e8res cr\u00e9ations sur la boutique en ligne et dans nos boutiques partenaires (toutes les infos en cliquant). Offrez (vous) du local, du fait main et de l'upcycl\u00e9 ;)Et comme depuis le\u2026","rel":"","context":"Dans &quot;Non class\u00e9&quot;","block_context":{"text":"Non class\u00e9","link":"https:\/\/lampda.fr\/index.php\/category\/non-classe\/"},"img":{"alt_text":"","src":"https:\/\/i0.wp.com\/lampda.fr\/wp-content\/uploads\/2019\/12\/Capture-d%E2%80%99e%CC%81cran-2019-12-06-a%CC%80-14.04.56.png?resize=350%2C200&ssl=1","width":350,"height":200,"srcset":"https:\/\/i0.wp.com\/lampda.fr\/wp-content\/uploads\/2019\/12\/Capture-d%E2%80%99e%CC%81cran-2019-12-06-a%CC%80-14.04.56.png?resize=350%2C200&ssl=1 1x, https:\/\/i0.wp.com\/lampda.fr\/wp-content\/uploads\/2019\/12\/Capture-d%E2%80%99e%CC%81cran-2019-12-06-a%CC%80-14.04.56.png?resize=525%2C300&ssl=1 1.5x, https:\/\/i0.wp.com\/lampda.fr\/wp-content\/uploads\/2019\/12\/Capture-d%E2%80%99e%CC%81cran-2019-12-06-a%CC%80-14.04.56.png?resize=700%2C400&ssl=1 2x, https:\/\/i0.wp.com\/lampda.fr\/wp-content\/uploads\/2019\/12\/Capture-d%E2%80%99e%CC%81cran-2019-12-06-a%CC%80-14.04.56.png?resize=1050%2C600&ssl=1 3x"},"classes":[]},{"id":662,"url":"https:\/\/lampda.fr\/index.php\/2018\/10\/25\/foire-de-paris-hors-serie-maison\/","url_meta":{"origin":676,"position":2},"title":"Foire de Paris &#8211; Hors-s\u00e9rie Maison 2018","author":"Monsieur Lampda","date":"25 octobre 2018","format":false,"excerpt":"Lampda expose cette ann\u00e9e \u00e0 la Foire de Paris ! :) RdV \u00e0 Paris Expo porte de Versailles du 26 octobre au 4 novembre 2018, pavillon 7.3, stand J048 aux c\u00f4t\u00e9s des cr\u00e9ateurs de g\u00e9nie du r\u00e9seau Pooow. Venez y d\u00e9couvrir les derni\u00e8res nouveaut\u00e9s ! ;) -> Plus d'infos ici\u2026","rel":"","context":"Dans &quot;Non class\u00e9&quot;","block_context":{"text":"Non class\u00e9","link":"https:\/\/lampda.fr\/index.php\/category\/non-classe\/"},"img":{"alt_text":"R\u00e9sultat de recherche d'images pour \"foire de paris hors s\u00e9rie\"","src":"https:\/\/i0.wp.com\/fr.magicstay.com\/public\/upload\/photo_salon\/salon_1372.png?resize=350%2C200&ssl=1","width":350,"height":200},"classes":[]},{"id":895,"url":"https:\/\/lampda.fr\/index.php\/2019\/10\/05\/de-nouvelles-boutiques\/","url_meta":{"origin":676,"position":3},"title":"De nouvelles boutiques :)","author":"Monsieur Lampda","date":"5 octobre 2019","format":false,"excerpt":"LAMPDA s'installe dans...trois nouvelles boutiques ! Plus de 50 nouvelles cr\u00e9ations rejoignent ces boutiques toutes neuves et toutes belles. Allez les visiter :) Pooow Espace Cr\u00e9ateurs - Passage du Havre - 109 rue Saint-Lazare, Paris IX - Beaucoup de choix :) Pooow Espace Cr\u00e9ateurs - Centre commercial So Ouest -\u2026","rel":"","context":"Dans &quot;Non class\u00e9&quot;","block_context":{"text":"Non class\u00e9","link":"https:\/\/lampda.fr\/index.php\/category\/non-classe\/"},"img":{"alt_text":"","src":"","width":0,"height":0},"classes":[]},{"id":153,"url":"https:\/\/lampda.fr\/index.php\/2018\/05\/02\/villages-nature-paris-77\/","url_meta":{"origin":676,"position":4},"title":"Villages Nature Paris (77)","author":"Monsieur Lampda","date":"2 mai 2018","format":false,"excerpt":"Lampda exposera pour le premier d'une longue et belle s\u00e9rie de march\u00e9s au coeur des Villages Nature, au portes de Disneyland Paris. Cette \u00e9v\u00e8nement est r\u00e9serv\u00e9 aux pensionnaires du complexe.","rel":"","context":"Dans &quot;Non class\u00e9&quot;","block_context":{"text":"Non class\u00e9","link":"https:\/\/lampda.fr\/index.php\/category\/non-classe\/"},"img":{"alt_text":"R\u00e9sultat de recherche d'images pour \"villages nature paris\"","src":"https:\/\/i0.wp.com\/www.isic.fr\/media\/benefits\/2\/2380_product_scale_365x365.jpg?resize=350%2C200&ssl=1","width":350,"height":200},"classes":[]},{"id":147,"url":"https:\/\/lampda.fr\/index.php\/2018\/05\/02\/salon-des-createurs-de-puteaux-92\/","url_meta":{"origin":676,"position":5},"title":"Salon des Cr\u00e9ateurs de Puteaux (92)","author":"Monsieur Lampda","date":"2 mai 2018","format":false,"excerpt":"Lampda expose du vendredi 25 au dimanche 27 mai 2018 \u00e0 Puteaux.Plus de 30 exposants, que du 100% fait main et juste \u00e0 c\u00f4t\u00e9 du c\u00e9l\u00e8bre salon de la BD :)Cliquez ici pour le lien vers l'\u00e9v\u00e8nement.Salon des Cr\u00e9ateursVendredi 25 mai, 14h-21hSamedi 26 mai, 10h-21hDimanche 27 mai, 10h-18hEsplanade de l\u2019H\u00f4tel\u2026","rel":"","context":"Dans &quot;Non class\u00e9&quot;","block_context":{"text":"Non class\u00e9","link":"https:\/\/lampda.fr\/index.php\/category\/non-classe\/"},"img":{"alt_text":"","src":"","width":0,"height":0},"classes":[]}],"_links":{"self":[{"href":"https:\/\/lampda.fr\/index.php\/wp-json\/wp\/v2\/posts\/676","targetHints":{"allow":["GET"]}}],"collection":[{"href":"https:\/\/lampda.fr\/index.php\/wp-json\/wp\/v2\/posts"}],"about":[{"href":"https:\/\/lampda.fr\/index.php\/wp-json\/wp\/v2\/types\/post"}],"author":[{"embeddable":true,"href":"https:\/\/lampda.fr\/index.php\/wp-json\/wp\/v2\/users\/1"}],"replies":[{"embeddable":true,"href":"https:\/\/lampda.fr\/index.php\/wp-json\/wp\/v2\/comments?post=676"}],"version-history":[{"count":1,"href":"https:\/\/lampda.fr\/index.php\/wp-json\/wp\/v2\/posts\/676\/revisions"}],"predecessor-version":[{"id":678,"href":"https:\/\/lampda.fr\/index.php\/wp-json\/wp\/v2\/posts\/676\/revisions\/678"}],"wp:attachment":[{"href":"https:\/\/lampda.fr\/index.php\/wp-json\/wp\/v2\/media?parent=676"}],"wp:term":[{"taxonomy":"category","embeddable":true,"href":"https:\/\/lampda.fr\/index.php\/wp-json\/wp\/v2\/categories?post=676"},{"taxonomy":"post_tag","embeddable":true,"href":"https:\/\/lampda.fr\/index.php\/wp-json\/wp\/v2\/tags?post=676"}],"curies":[{"name":"wp","href":"https:\/\/api.w.org\/{rel}","templated":true}]}}