{"id":769,"date":"2019-04-26T15:48:34","date_gmt":"2019-04-26T13:48:34","guid":{"rendered":"https:\/\/lampda.fr\/?p=769"},"modified":"2019-04-26T15:48:36","modified_gmt":"2019-04-26T13:48:36","slug":"salon-des-createurs-et-des-saveurs-puteaux-92","status":"publish","type":"post","link":"https:\/\/lampda.fr\/index.php\/2019\/04\/26\/salon-des-createurs-et-des-saveurs-puteaux-92\/","title":{"rendered":"Salon des Cr\u00e9ateurs et des Saveurs &#8211; Puteaux (92)"},"content":{"rendered":"\n<p>Lampda est de retour au magnifique Salon des Cr\u00e9ateurs de Puteaux. Une belle cinquantaine d\u2019exposants au rendez-vous avec de quoi (vous) faire plaisir aux yeux et au palet&#8230; Et \u00e0 une semaine de la f\u00eate des mamans, \u00e7a serait dommage de le louper \ud83d\ude09<\/p>\n\n\n\n<p>RdV les 17,18 et 19 Mai 2019 sur le parvis de l\u2019h\u00f4tel de ville, \u00e0 deux pas du c\u00e9l\u00e8bre salon de la BD.<\/p>\n\n\n\n<figure class=\"wp-block-image\"><img fetchpriority=\"high\" decoding=\"async\" width=\"1365\" height=\"2048\" data-attachment-id=\"771\" data-permalink=\"https:\/\/lampda.fr\/index.php\/2019\/04\/26\/salon-des-createurs-et-des-saveurs-puteaux-92\/ea4b6954-f1d7-4ff6-b2bd-4ec202189cc1\/\" data-orig-file=\"https:\/\/i0.wp.com\/lampda.fr\/wp-content\/uploads\/2019\/04\/EA4B6954-F1D7-4FF6-B2BD-4EC202189CC1.jpeg?fit=1365%2C2048&amp;ssl=1\" data-orig-size=\"1365,2048\" data-comments-opened=\"1\" data-image-meta=\"{&quot;aperture&quot;:&quot;0&quot;,&quot;credit&quot;:&quot;&quot;,&quot;camera&quot;:&quot;&quot;,&quot;caption&quot;:&quot;&quot;,&quot;created_timestamp&quot;:&quot;0&quot;,&quot;copyright&quot;:&quot;&quot;,&quot;focal_length&quot;:&quot;0&quot;,&quot;iso&quot;:&quot;0&quot;,&quot;shutter_speed&quot;:&quot;0&quot;,&quot;title&quot;:&quot;&quot;,&quot;orientation&quot;:&quot;1&quot;}\" data-image-title=\"EA4B6954-F1D7-4FF6-B2BD-4EC202189CC1\" data-image-description=\"\" data-image-caption=\"\" data-large-file=\"https:\/\/i0.wp.com\/lampda.fr\/wp-content\/uploads\/2019\/04\/EA4B6954-F1D7-4FF6-B2BD-4EC202189CC1.jpeg?fit=683%2C1024&amp;ssl=1\" src=\"https:\/\/i2.wp.com\/lampda.fr\/wp-content\/uploads\/2019\/04\/EA4B6954-F1D7-4FF6-B2BD-4EC202189CC1.jpeg?fit=584%2C876&amp;ssl=1\" alt=\"\" class=\"wp-image-771\" srcset=\"https:\/\/i0.wp.com\/lampda.fr\/wp-content\/uploads\/2019\/04\/EA4B6954-F1D7-4FF6-B2BD-4EC202189CC1.jpeg?w=1365&amp;ssl=1 1365w, https:\/\/i0.wp.com\/lampda.fr\/wp-content\/uploads\/2019\/04\/EA4B6954-F1D7-4FF6-B2BD-4EC202189CC1.jpeg?resize=200%2C300&amp;ssl=1 200w, https:\/\/i0.wp.com\/lampda.fr\/wp-content\/uploads\/2019\/04\/EA4B6954-F1D7-4FF6-B2BD-4EC202189CC1.jpeg?resize=768%2C1152&amp;ssl=1 768w, https:\/\/i0.wp.com\/lampda.fr\/wp-content\/uploads\/2019\/04\/EA4B6954-F1D7-4FF6-B2BD-4EC202189CC1.jpeg?resize=683%2C1024&amp;ssl=1 683w, https:\/\/i0.wp.com\/lampda.fr\/wp-content\/uploads\/2019\/04\/EA4B6954-F1D7-4FF6-B2BD-4EC202189CC1.jpeg?resize=600%2C900&amp;ssl=1 600w\" sizes=\"(max-width: 980px) 100vw, 980px\" \/><\/figure>\n","protected":false},"excerpt":{"rendered":"<p>Lampda est de retour au magnifique Salon des Cr\u00e9ateurs de Puteaux. Une belle cinquantaine d\u2019exposants au rendez-vous avec de quoi (vous) faire plaisir aux yeux et au palet&#8230; Et \u00e0 une semaine de la f\u00eate des mamans, \u00e7a serait dommage de le louper \ud83d\ude09 RdV les 17,18 et 19 Mai 2019 sur le parvis de [&hellip;]<\/p>\n","protected":false},"author":1,"featured_media":0,"comment_status":"open","ping_status":"open","sticky":false,"template":"","format":"standard","meta":{"_monsterinsights_skip_tracking":false,"_monsterinsights_sitenote_active":false,"_monsterinsights_sitenote_note":"","_monsterinsights_sitenote_category":0,"_uf_show_specific_survey":0,"_uf_disable_surveys":false,"jetpack_post_was_ever_published":false,"_jetpack_newsletter_access":"","_jetpack_dont_email_post_to_subs":false,"_jetpack_newsletter_tier_id":0,"_jetpack_memberships_contains_paywalled_content":false,"_jetpack_memberships_contains_paid_content":false,"footnotes":"","jetpack_publicize_message":"","jetpack_publicize_feature_enabled":true,"jetpack_social_post_already_shared":true,"jetpack_social_options":{"image_generator_settings":{"template":"highway","default_image_id":0,"font":"","enabled":false},"version":2}},"categories":[1],"tags":[],"class_list":["post-769","post","type-post","status-publish","format-standard","hentry","category-non-classe"],"jetpack_publicize_connections":[],"jetpack_featured_media_url":"","jetpack_sharing_enabled":true,"jetpack_shortlink":"https:\/\/wp.me\/p9Ss9A-cp","jetpack-related-posts":[{"id":147,"url":"https:\/\/lampda.fr\/index.php\/2018\/05\/02\/salon-des-createurs-de-puteaux-92\/","url_meta":{"origin":769,"position":0},"title":"Salon des Cr\u00e9ateurs de Puteaux (92)","author":"Monsieur Lampda","date":"2 mai 2018","format":false,"excerpt":"Lampda expose du vendredi 25 au dimanche 27 mai 2018 \u00e0 Puteaux.Plus de 30 exposants, que du 100% fait main et juste \u00e0 c\u00f4t\u00e9 du c\u00e9l\u00e8bre salon de la BD :)Cliquez ici pour le lien vers l'\u00e9v\u00e8nement.Salon des Cr\u00e9ateursVendredi 25 mai, 14h-21hSamedi 26 mai, 10h-21hDimanche 27 mai, 10h-18hEsplanade de l\u2019H\u00f4tel\u2026","rel":"","context":"Dans &quot;Non class\u00e9&quot;","block_context":{"text":"Non class\u00e9","link":"https:\/\/lampda.fr\/index.php\/category\/non-classe\/"},"img":{"alt_text":"","src":"","width":0,"height":0},"classes":[]},{"id":575,"url":"https:\/\/lampda.fr\/index.php\/2018\/08\/03\/salon-de-la-decoration-et-des-metiers-dart-rueil-malmaison-92\/","url_meta":{"origin":769,"position":1},"title":"Salon de la D\u00e9coration et des M\u00e9tiers d&rsquo;Art &#8211; Rueil Malmaison (92)","author":"Monsieur Lampda","date":"3 ao\u00fbt 2018","format":false,"excerpt":"Lampda expose les 22 et 23 septembre 2018 au beau et grand Salon de la D\u00e9coration et des M\u00e9tiers D'art de Rueil Malmaison. Pour recevoir une invitation, contactez-nous :)","rel":"","context":"Dans &quot;Non class\u00e9&quot;","block_context":{"text":"Non class\u00e9","link":"https:\/\/lampda.fr\/index.php\/category\/non-classe\/"},"img":{"alt_text":"","src":"","width":0,"height":0},"classes":[]},{"id":160,"url":"https:\/\/lampda.fr\/index.php\/2018\/04\/02\/jema-serris-77\/","url_meta":{"origin":769,"position":2},"title":"JEMA Serris (77)","author":"Monsieur Lampda","date":"2 avril 2018","format":false,"excerpt":"Dans le cadre des Journ\u00e9es Europ\u00e9ennes des M\u00e9tiers d'Art (JEMA), le Carr\u00e9 d'Art de Serris et Lampda vous invitent \u00e0 d\u00e9couvrir le travail d'artisans r\u00e9sidents et d'autres pr\u00e9sents ce week-end des 7 et 8 avril 2018. Manifestation 100% fait main, fabriqu\u00e9 en France et upcycling :) Le Carr\u00e9 d'Art 34\u2026","rel":"","context":"Dans &quot;Non class\u00e9&quot;","block_context":{"text":"Non class\u00e9","link":"https:\/\/lampda.fr\/index.php\/category\/non-classe\/"},"img":{"alt_text":"","src":"https:\/\/i0.wp.com\/lampda.fr\/wp-content\/uploads\/2018\/05\/Affiche-JEMA-213x300.jpg?resize=350%2C200&ssl=1","width":350,"height":200},"classes":[]},{"id":3743,"url":"https:\/\/lampda.fr\/index.php\/2020\/10\/29\/les-amis-createurs\/","url_meta":{"origin":769,"position":3},"title":"Les amis cr\u00e9ateurs","author":"Monsieur Lampda","date":"29 octobre 2020","format":false,"excerpt":"L'annonce lourde de cons\u00e9quences est tomb\u00e9e. Le confinement est \u00e0 nouveau de mise et les suites s'annoncent tr\u00e8s compliqu\u00e9es pour nombre d'entre nous. Nous souhaitons bon courage aux g\u00e9rants des belles boutiques sans qui nous n'aurions pas le plaisir de faire briller vos yeux. La France est un beau pays\u2026","rel":"","context":"Dans &quot;Non class\u00e9&quot;","block_context":{"text":"Non class\u00e9","link":"https:\/\/lampda.fr\/index.php\/category\/non-classe\/"},"img":{"alt_text":"","src":"","width":0,"height":0},"classes":[]},{"id":676,"url":"https:\/\/lampda.fr\/index.php\/2018\/11\/04\/vernissage-de-la-magie-a-paris\/","url_meta":{"origin":769,"position":4},"title":"Vernissage &#8211; De la Magie \u00e0 Paris","author":"Monsieur Lampda","date":"4 novembre 2018","format":false,"excerpt":"LAMPDA et les autres cr\u00e9ateurs de la boutique \u00e9ph\u00e9m\u00e8re \"De la Magie \u00e0 Paris\" organisent un vernissage vendredi 09\/11\/2018. Soyez les bienvenus pour d\u00e9couvrir nos derni\u00e8res nouveaut\u00e9s dans une boutique absolument magnifique et pleine des belles \u00e9nergies de Virginie, notre organisatrice de g\u00e9nie :) Rendez-vous au 30 rue du Ch\u00e2teau\u2026","rel":"","context":"Dans &quot;Non class\u00e9&quot;","block_context":{"text":"Non class\u00e9","link":"https:\/\/lampda.fr\/index.php\/category\/non-classe\/"},"img":{"alt_text":"","src":"","width":0,"height":0},"classes":[]},{"id":786,"url":"https:\/\/lampda.fr\/index.php\/2019\/05\/25\/labelle-flingueuse-1-juin-2019\/","url_meta":{"origin":769,"position":5},"title":"Labelle Flingueuse &#8211; 1 juin 2019","author":"Monsieur Lampda","date":"25 mai 2019","format":false,"excerpt":"LAMPDA rejoint plus de 100 cr\u00e9ateurs et artisans sur le tr\u00e8s beau salon Labelle Flingueuse de Montreuil. De tr\u00e8s belles cr\u00e9ations \u00e0 d\u00e9couvrir ;) Toutes les infos sur l'\u00e9v\u00e8nement sont ici.","rel":"","context":"Dans &quot;Non class\u00e9&quot;","block_context":{"text":"Non class\u00e9","link":"https:\/\/lampda.fr\/index.php\/category\/non-classe\/"},"img":{"alt_text":"","src":"https:\/\/i0.wp.com\/lampda.fr\/wp-content\/uploads\/2019\/05\/60045096_1265695233587200_9099188988840771584_n.jpg?resize=350%2C200&ssl=1","width":350,"height":200,"srcset":"https:\/\/i0.wp.com\/lampda.fr\/wp-content\/uploads\/2019\/05\/60045096_1265695233587200_9099188988840771584_n.jpg?resize=350%2C200&ssl=1 1x, https:\/\/i0.wp.com\/lampda.fr\/wp-content\/uploads\/2019\/05\/60045096_1265695233587200_9099188988840771584_n.jpg?resize=525%2C300&ssl=1 1.5x"},"classes":[]}],"_links":{"self":[{"href":"https:\/\/lampda.fr\/index.php\/wp-json\/wp\/v2\/posts\/769","targetHints":{"allow":["GET"]}}],"collection":[{"href":"https:\/\/lampda.fr\/index.php\/wp-json\/wp\/v2\/posts"}],"about":[{"href":"https:\/\/lampda.fr\/index.php\/wp-json\/wp\/v2\/types\/post"}],"author":[{"embeddable":true,"href":"https:\/\/lampda.fr\/index.php\/wp-json\/wp\/v2\/users\/1"}],"replies":[{"embeddable":true,"href":"https:\/\/lampda.fr\/index.php\/wp-json\/wp\/v2\/comments?post=769"}],"version-history":[{"count":1,"href":"https:\/\/lampda.fr\/index.php\/wp-json\/wp\/v2\/posts\/769\/revisions"}],"predecessor-version":[{"id":772,"href":"https:\/\/lampda.fr\/index.php\/wp-json\/wp\/v2\/posts\/769\/revisions\/772"}],"wp:attachment":[{"href":"https:\/\/lampda.fr\/index.php\/wp-json\/wp\/v2\/media?parent=769"}],"wp:term":[{"taxonomy":"category","embeddable":true,"href":"https:\/\/lampda.fr\/index.php\/wp-json\/wp\/v2\/categories?post=769"},{"taxonomy":"post_tag","embeddable":true,"href":"https:\/\/lampda.fr\/index.php\/wp-json\/wp\/v2\/tags?post=769"}],"curies":[{"name":"wp","href":"https:\/\/api.w.org\/{rel}","templated":true}]}}