{"id":782,"date":"2019-05-25T11:26:17","date_gmt":"2019-05-25T09:26:17","guid":{"rendered":"https:\/\/lampda.fr\/?p=782"},"modified":"2019-05-25T11:26:19","modified_gmt":"2019-05-25T09:26:19","slug":"un-marchant-un-artiste-puces-de-saint-ouen","status":"publish","type":"post","link":"https:\/\/lampda.fr\/index.php\/2019\/05\/25\/un-marchant-un-artiste-puces-de-saint-ouen\/","title":{"rendered":"Un marchant, un artiste &#8211; Puces de Saint-Ouen"},"content":{"rendered":"\n<p>LAMPDA expose dans le cadre de l&rsquo;\u00e9v\u00e8nement \u00ab\u00a0Un Marchand, un Artiste\u00a0\u00bb aux Puces de Saint-Ouen, March\u00e9 Dauphine, stand 19 jusqu&rsquo;au 30 juin 2019.<\/p>\n\n\n\n<figure class=\"wp-block-image\"><img fetchpriority=\"high\" decoding=\"async\" width=\"1440\" height=\"1440\" data-attachment-id=\"784\" data-permalink=\"https:\/\/lampda.fr\/index.php\/2019\/05\/25\/un-marchant-un-artiste-puces-de-saint-ouen\/4b077b6e-371f-4402-a057-cf0706ceb519\/\" data-orig-file=\"https:\/\/i0.wp.com\/lampda.fr\/wp-content\/uploads\/2019\/05\/4B077B6E-371F-4402-A057-CF0706CEB519.jpg?fit=1440%2C1440&amp;ssl=1\" data-orig-size=\"1440,1440\" data-comments-opened=\"1\" data-image-meta=\"{&quot;aperture&quot;:&quot;0&quot;,&quot;credit&quot;:&quot;&quot;,&quot;camera&quot;:&quot;&quot;,&quot;caption&quot;:&quot;&quot;,&quot;created_timestamp&quot;:&quot;0&quot;,&quot;copyright&quot;:&quot;&quot;,&quot;focal_length&quot;:&quot;0&quot;,&quot;iso&quot;:&quot;0&quot;,&quot;shutter_speed&quot;:&quot;0&quot;,&quot;title&quot;:&quot;&quot;,&quot;orientation&quot;:&quot;1&quot;}\" data-image-title=\"4B077B6E-371F-4402-A057-CF0706CEB519\" data-image-description=\"\" data-image-caption=\"\" data-large-file=\"https:\/\/i0.wp.com\/lampda.fr\/wp-content\/uploads\/2019\/05\/4B077B6E-371F-4402-A057-CF0706CEB519.jpg?fit=980%2C980&amp;ssl=1\" src=\"https:\/\/i0.wp.com\/lampda.fr\/wp-content\/uploads\/2019\/05\/4B077B6E-371F-4402-A057-CF0706CEB519.jpg?fit=980%2C980&amp;ssl=1\" alt=\"\" class=\"wp-image-784\" srcset=\"https:\/\/i0.wp.com\/lampda.fr\/wp-content\/uploads\/2019\/05\/4B077B6E-371F-4402-A057-CF0706CEB519.jpg?w=1440&amp;ssl=1 1440w, https:\/\/i0.wp.com\/lampda.fr\/wp-content\/uploads\/2019\/05\/4B077B6E-371F-4402-A057-CF0706CEB519.jpg?resize=150%2C150&amp;ssl=1 150w, https:\/\/i0.wp.com\/lampda.fr\/wp-content\/uploads\/2019\/05\/4B077B6E-371F-4402-A057-CF0706CEB519.jpg?resize=300%2C300&amp;ssl=1 300w, https:\/\/i0.wp.com\/lampda.fr\/wp-content\/uploads\/2019\/05\/4B077B6E-371F-4402-A057-CF0706CEB519.jpg?resize=768%2C768&amp;ssl=1 768w, https:\/\/i0.wp.com\/lampda.fr\/wp-content\/uploads\/2019\/05\/4B077B6E-371F-4402-A057-CF0706CEB519.jpg?resize=1024%2C1024&amp;ssl=1 1024w, https:\/\/i0.wp.com\/lampda.fr\/wp-content\/uploads\/2019\/05\/4B077B6E-371F-4402-A057-CF0706CEB519.jpg?resize=324%2C324&amp;ssl=1 324w, https:\/\/i0.wp.com\/lampda.fr\/wp-content\/uploads\/2019\/05\/4B077B6E-371F-4402-A057-CF0706CEB519.jpg?resize=416%2C416&amp;ssl=1 416w, https:\/\/i0.wp.com\/lampda.fr\/wp-content\/uploads\/2019\/05\/4B077B6E-371F-4402-A057-CF0706CEB519.jpg?resize=100%2C100&amp;ssl=1 100w\" sizes=\"(max-width: 980px) 100vw, 980px\" \/><\/figure>\n","protected":false},"excerpt":{"rendered":"<p>LAMPDA expose dans le cadre de l&rsquo;\u00e9v\u00e8nement \u00ab\u00a0Un Marchand, un Artiste\u00a0\u00bb aux Puces de Saint-Ouen, March\u00e9 Dauphine, stand 19 jusqu&rsquo;au 30 juin 2019.<\/p>\n","protected":false},"author":1,"featured_media":0,"comment_status":"open","ping_status":"open","sticky":false,"template":"","format":"standard","meta":{"_monsterinsights_skip_tracking":false,"_monsterinsights_sitenote_active":false,"_monsterinsights_sitenote_note":"","_monsterinsights_sitenote_category":0,"_uf_show_specific_survey":0,"_uf_disable_surveys":false,"jetpack_post_was_ever_published":false,"_jetpack_newsletter_access":"","_jetpack_dont_email_post_to_subs":false,"_jetpack_newsletter_tier_id":0,"_jetpack_memberships_contains_paywalled_content":false,"_jetpack_memberships_contains_paid_content":false,"footnotes":"","jetpack_publicize_message":"","jetpack_publicize_feature_enabled":true,"jetpack_social_post_already_shared":true,"jetpack_social_options":{"image_generator_settings":{"template":"highway","default_image_id":0,"font":"","enabled":false},"version":2}},"categories":[1],"tags":[],"class_list":["post-782","post","type-post","status-publish","format-standard","hentry","category-non-classe"],"jetpack_publicize_connections":[],"jetpack_featured_media_url":"","jetpack_sharing_enabled":true,"jetpack_shortlink":"https:\/\/wp.me\/p9Ss9A-cC","jetpack-related-posts":[{"id":229,"url":"https:\/\/lampda.fr\/index.php\/2018\/05\/07\/les-jardins-de-guinot-20-mai-2018\/","url_meta":{"origin":782,"position":0},"title":"Les Jardins de Guinot 20 Mai 2018","author":"Monsieur Lampda","date":"7 mai 2018","format":false,"excerpt":"Lampda expose Dimanche 20 Mai 2018 dans les Jardins de Guinot \u00e0 Saint Ouen. Ambiance tr\u00e8s cool au programme et une vingtaine de chouettes cr\u00e9ateurs :) Plus d\u2019infos par ici ;) \u00a0 \u00a0","rel":"","context":"Dans &quot;Non class\u00e9&quot;","block_context":{"text":"Non class\u00e9","link":"https:\/\/lampda.fr\/index.php\/category\/non-classe\/"},"img":{"alt_text":"","src":"https:\/\/i0.wp.com\/lampda.fr\/wp-content\/uploads\/2018\/05\/ACC429CD-38D1-4156-9044-13A8A8DB92E7-295x300.png?resize=350%2C200&ssl=1","width":350,"height":200},"classes":[]},{"id":895,"url":"https:\/\/lampda.fr\/index.php\/2019\/10\/05\/de-nouvelles-boutiques\/","url_meta":{"origin":782,"position":1},"title":"De nouvelles boutiques :)","author":"Monsieur Lampda","date":"5 octobre 2019","format":false,"excerpt":"LAMPDA s'installe dans...trois nouvelles boutiques ! Plus de 50 nouvelles cr\u00e9ations rejoignent ces boutiques toutes neuves et toutes belles. Allez les visiter :) Pooow Espace Cr\u00e9ateurs - Passage du Havre - 109 rue Saint-Lazare, Paris IX - Beaucoup de choix :) Pooow Espace Cr\u00e9ateurs - Centre commercial So Ouest -\u2026","rel":"","context":"Dans &quot;Non class\u00e9&quot;","block_context":{"text":"Non class\u00e9","link":"https:\/\/lampda.fr\/index.php\/category\/non-classe\/"},"img":{"alt_text":"","src":"","width":0,"height":0},"classes":[]},{"id":4408,"url":"https:\/\/lampda.fr\/index.php\/2021\/03\/27\/sidaction\/","url_meta":{"origin":782,"position":2},"title":"Sidaction","author":"Monsieur Lampda","date":"27 mars 2021","format":false,"excerpt":"Tou.te.s ensemble contre le SIDA ! Jusqu\u2019au 31.03.2021, LAMPDA fait un don de 10\u20ac pour toute commande en ligne.","rel":"","context":"Dans &quot;Non class\u00e9&quot;","block_context":{"text":"Non class\u00e9","link":"https:\/\/lampda.fr\/index.php\/category\/non-classe\/"},"img":{"alt_text":"","src":"https:\/\/i0.wp.com\/lampda.fr\/wp-content\/uploads\/2021\/03\/95296C24-4793-4501-8834-EFFAD907127F.jpeg?resize=350%2C200&ssl=1","width":350,"height":200,"srcset":"https:\/\/i0.wp.com\/lampda.fr\/wp-content\/uploads\/2021\/03\/95296C24-4793-4501-8834-EFFAD907127F.jpeg?resize=350%2C200&ssl=1 1x, https:\/\/i0.wp.com\/lampda.fr\/wp-content\/uploads\/2021\/03\/95296C24-4793-4501-8834-EFFAD907127F.jpeg?resize=525%2C300&ssl=1 1.5x, https:\/\/i0.wp.com\/lampda.fr\/wp-content\/uploads\/2021\/03\/95296C24-4793-4501-8834-EFFAD907127F.jpeg?resize=700%2C400&ssl=1 2x"},"classes":[]},{"id":3219,"url":"https:\/\/lampda.fr\/index.php\/2020\/06\/13\/article-le-messager\/","url_meta":{"origin":782,"position":3},"title":"Article Le Messager","author":"Monsieur Lampda","date":"13 juin 2020","format":false,"excerpt":"Un grand merci \u00e0 Vanessa De Carvalho pour ce tr\u00e8s bel article dans Le Messager !","rel":"","context":"Dans &quot;Non class\u00e9&quot;","block_context":{"text":"Non class\u00e9","link":"https:\/\/lampda.fr\/index.php\/category\/non-classe\/"},"img":{"alt_text":"Article Le Messager 11\/06\/2020","src":"https:\/\/i0.wp.com\/lampda.fr\/wp-content\/uploads\/2020\/06\/Capture-d%E2%80%99e%CC%81cran-2020-06-13-a%CC%80-14.14.01.png?resize=350%2C200&ssl=1","width":350,"height":200,"srcset":"https:\/\/i0.wp.com\/lampda.fr\/wp-content\/uploads\/2020\/06\/Capture-d%E2%80%99e%CC%81cran-2020-06-13-a%CC%80-14.14.01.png?resize=350%2C200&ssl=1 1x, https:\/\/i0.wp.com\/lampda.fr\/wp-content\/uploads\/2020\/06\/Capture-d%E2%80%99e%CC%81cran-2020-06-13-a%CC%80-14.14.01.png?resize=525%2C300&ssl=1 1.5x, https:\/\/i0.wp.com\/lampda.fr\/wp-content\/uploads\/2020\/06\/Capture-d%E2%80%99e%CC%81cran-2020-06-13-a%CC%80-14.14.01.png?resize=700%2C400&ssl=1 2x, https:\/\/i0.wp.com\/lampda.fr\/wp-content\/uploads\/2020\/06\/Capture-d%E2%80%99e%CC%81cran-2020-06-13-a%CC%80-14.14.01.png?resize=1050%2C600&ssl=1 3x, https:\/\/i0.wp.com\/lampda.fr\/wp-content\/uploads\/2020\/06\/Capture-d%E2%80%99e%CC%81cran-2020-06-13-a%CC%80-14.14.01.png?resize=1400%2C800&ssl=1 4x"},"classes":[]},{"id":4446,"url":"https:\/\/lampda.fr\/index.php\/2021\/04\/08\/article-juliette-ray\/","url_meta":{"origin":782,"position":4},"title":"Article Juliette Ray","author":"Monsieur Lampda","date":"8 avril 2021","format":false,"excerpt":"Voici un bel article sur l'upcycling que je vous invite \u00e0 lire pour encore mieux comprendre la d\u00e9marche de LAMPDA \ud83d\ude09 (source : Juliette Ray - https:\/\/www.agence-france-electricite.fr\/actualites\/upcycling-economies-energie\/) https:\/\/www.agence-france-electricite.fr\/actualites\/upcycling-economies-energie\/","rel":"","context":"Dans &quot;Non class\u00e9&quot;","block_context":{"text":"Non class\u00e9","link":"https:\/\/lampda.fr\/index.php\/category\/non-classe\/"},"img":{"alt_text":"","src":"","width":0,"height":0},"classes":[]},{"id":676,"url":"https:\/\/lampda.fr\/index.php\/2018\/11\/04\/vernissage-de-la-magie-a-paris\/","url_meta":{"origin":782,"position":5},"title":"Vernissage &#8211; De la Magie \u00e0 Paris","author":"Monsieur Lampda","date":"4 novembre 2018","format":false,"excerpt":"LAMPDA et les autres cr\u00e9ateurs de la boutique \u00e9ph\u00e9m\u00e8re \"De la Magie \u00e0 Paris\" organisent un vernissage vendredi 09\/11\/2018. Soyez les bienvenus pour d\u00e9couvrir nos derni\u00e8res nouveaut\u00e9s dans une boutique absolument magnifique et pleine des belles \u00e9nergies de Virginie, notre organisatrice de g\u00e9nie :) Rendez-vous au 30 rue du Ch\u00e2teau\u2026","rel":"","context":"Dans &quot;Non class\u00e9&quot;","block_context":{"text":"Non class\u00e9","link":"https:\/\/lampda.fr\/index.php\/category\/non-classe\/"},"img":{"alt_text":"","src":"","width":0,"height":0},"classes":[]}],"_links":{"self":[{"href":"https:\/\/lampda.fr\/index.php\/wp-json\/wp\/v2\/posts\/782","targetHints":{"allow":["GET"]}}],"collection":[{"href":"https:\/\/lampda.fr\/index.php\/wp-json\/wp\/v2\/posts"}],"about":[{"href":"https:\/\/lampda.fr\/index.php\/wp-json\/wp\/v2\/types\/post"}],"author":[{"embeddable":true,"href":"https:\/\/lampda.fr\/index.php\/wp-json\/wp\/v2\/users\/1"}],"replies":[{"embeddable":true,"href":"https:\/\/lampda.fr\/index.php\/wp-json\/wp\/v2\/comments?post=782"}],"version-history":[{"count":1,"href":"https:\/\/lampda.fr\/index.php\/wp-json\/wp\/v2\/posts\/782\/revisions"}],"predecessor-version":[{"id":785,"href":"https:\/\/lampda.fr\/index.php\/wp-json\/wp\/v2\/posts\/782\/revisions\/785"}],"wp:attachment":[{"href":"https:\/\/lampda.fr\/index.php\/wp-json\/wp\/v2\/media?parent=782"}],"wp:term":[{"taxonomy":"category","embeddable":true,"href":"https:\/\/lampda.fr\/index.php\/wp-json\/wp\/v2\/categories?post=782"},{"taxonomy":"post_tag","embeddable":true,"href":"https:\/\/lampda.fr\/index.php\/wp-json\/wp\/v2\/tags?post=782"}],"curies":[{"name":"wp","href":"https:\/\/api.w.org\/{rel}","templated":true}]}}