{"id":786,"date":"2019-05-25T11:28:50","date_gmt":"2019-05-25T09:28:50","guid":{"rendered":"https:\/\/lampda.fr\/?p=786"},"modified":"2019-05-25T11:28:52","modified_gmt":"2019-05-25T09:28:52","slug":"labelle-flingueuse-1-juin-2019","status":"publish","type":"post","link":"https:\/\/lampda.fr\/index.php\/2019\/05\/25\/labelle-flingueuse-1-juin-2019\/","title":{"rendered":"Labelle Flingueuse &#8211; 1 juin 2019"},"content":{"rendered":"\n<p>LAMPDA rejoint plus de 100 cr\u00e9ateurs et artisans sur le tr\u00e8s beau salon Labelle Flingueuse de Montreuil. De tr\u00e8s belles cr\u00e9ations \u00e0 d\u00e9couvrir \ud83d\ude09<\/p>\n\n\n\n<p><a href=\"https:\/\/www.facebook.com\/events\/470187067061408\/\">Toutes les infos sur l&rsquo;\u00e9v\u00e8nement sont ici<\/a>.<\/p>\n\n\n\n<figure class=\"wp-block-image\"><img data-recalc-dims=\"1\" fetchpriority=\"high\" decoding=\"async\" width=\"596\" height=\"221\" data-attachment-id=\"788\" data-permalink=\"https:\/\/lampda.fr\/index.php\/2019\/05\/25\/labelle-flingueuse-1-juin-2019\/60045096_1265695233587200_9099188988840771584_n\/\" data-orig-file=\"https:\/\/i0.wp.com\/lampda.fr\/wp-content\/uploads\/2019\/05\/60045096_1265695233587200_9099188988840771584_n.jpg?fit=596%2C221&amp;ssl=1\" data-orig-size=\"596,221\" data-comments-opened=\"1\" data-image-meta=\"{&quot;aperture&quot;:&quot;0&quot;,&quot;credit&quot;:&quot;&quot;,&quot;camera&quot;:&quot;&quot;,&quot;caption&quot;:&quot;&quot;,&quot;created_timestamp&quot;:&quot;0&quot;,&quot;copyright&quot;:&quot;&quot;,&quot;focal_length&quot;:&quot;0&quot;,&quot;iso&quot;:&quot;0&quot;,&quot;shutter_speed&quot;:&quot;0&quot;,&quot;title&quot;:&quot;&quot;,&quot;orientation&quot;:&quot;0&quot;}\" data-image-title=\"60045096_1265695233587200_9099188988840771584_n\" data-image-description=\"\" data-image-caption=\"\" data-large-file=\"https:\/\/i0.wp.com\/lampda.fr\/wp-content\/uploads\/2019\/05\/60045096_1265695233587200_9099188988840771584_n.jpg?fit=596%2C221&amp;ssl=1\" src=\"https:\/\/i0.wp.com\/lampda.fr\/wp-content\/uploads\/2019\/05\/60045096_1265695233587200_9099188988840771584_n.jpg?resize=596%2C221&#038;ssl=1\" alt=\"\" class=\"wp-image-788\" srcset=\"https:\/\/i0.wp.com\/lampda.fr\/wp-content\/uploads\/2019\/05\/60045096_1265695233587200_9099188988840771584_n.jpg?w=596&amp;ssl=1 596w, https:\/\/i0.wp.com\/lampda.fr\/wp-content\/uploads\/2019\/05\/60045096_1265695233587200_9099188988840771584_n.jpg?resize=300%2C111&amp;ssl=1 300w, https:\/\/i0.wp.com\/lampda.fr\/wp-content\/uploads\/2019\/05\/60045096_1265695233587200_9099188988840771584_n.jpg?resize=416%2C154&amp;ssl=1 416w\" sizes=\"(max-width: 596px) 100vw, 596px\" \/><\/figure>\n","protected":false},"excerpt":{"rendered":"<p>LAMPDA rejoint plus de 100 cr\u00e9ateurs et artisans sur le tr\u00e8s beau salon Labelle Flingueuse de Montreuil. De tr\u00e8s belles cr\u00e9ations \u00e0 d\u00e9couvrir \ud83d\ude09 Toutes les infos sur l&rsquo;\u00e9v\u00e8nement sont ici.<\/p>\n","protected":false},"author":1,"featured_media":0,"comment_status":"open","ping_status":"open","sticky":false,"template":"","format":"standard","meta":{"_monsterinsights_skip_tracking":false,"_monsterinsights_sitenote_active":false,"_monsterinsights_sitenote_note":"","_monsterinsights_sitenote_category":0,"_uf_show_specific_survey":0,"_uf_disable_surveys":false,"jetpack_post_was_ever_published":false,"_jetpack_newsletter_access":"","_jetpack_dont_email_post_to_subs":false,"_jetpack_newsletter_tier_id":0,"_jetpack_memberships_contains_paywalled_content":false,"_jetpack_memberships_contains_paid_content":false,"footnotes":"","jetpack_publicize_message":"","jetpack_publicize_feature_enabled":true,"jetpack_social_post_already_shared":true,"jetpack_social_options":{"image_generator_settings":{"template":"highway","default_image_id":0,"font":"","enabled":false},"version":2}},"categories":[1],"tags":[],"class_list":["post-786","post","type-post","status-publish","format-standard","hentry","category-non-classe"],"jetpack_publicize_connections":[],"jetpack_featured_media_url":"","jetpack_sharing_enabled":true,"jetpack_shortlink":"https:\/\/wp.me\/p9Ss9A-cG","jetpack-related-posts":[{"id":3219,"url":"https:\/\/lampda.fr\/index.php\/2020\/06\/13\/article-le-messager\/","url_meta":{"origin":786,"position":0},"title":"Article Le Messager","author":"Monsieur Lampda","date":"13 juin 2020","format":false,"excerpt":"Un grand merci \u00e0 Vanessa De Carvalho pour ce tr\u00e8s bel article dans Le Messager !","rel":"","context":"Dans &quot;Non class\u00e9&quot;","block_context":{"text":"Non class\u00e9","link":"https:\/\/lampda.fr\/index.php\/category\/non-classe\/"},"img":{"alt_text":"Article Le Messager 11\/06\/2020","src":"https:\/\/i0.wp.com\/lampda.fr\/wp-content\/uploads\/2020\/06\/Capture-d%E2%80%99e%CC%81cran-2020-06-13-a%CC%80-14.14.01.png?resize=350%2C200&ssl=1","width":350,"height":200,"srcset":"https:\/\/i0.wp.com\/lampda.fr\/wp-content\/uploads\/2020\/06\/Capture-d%E2%80%99e%CC%81cran-2020-06-13-a%CC%80-14.14.01.png?resize=350%2C200&ssl=1 1x, https:\/\/i0.wp.com\/lampda.fr\/wp-content\/uploads\/2020\/06\/Capture-d%E2%80%99e%CC%81cran-2020-06-13-a%CC%80-14.14.01.png?resize=525%2C300&ssl=1 1.5x, https:\/\/i0.wp.com\/lampda.fr\/wp-content\/uploads\/2020\/06\/Capture-d%E2%80%99e%CC%81cran-2020-06-13-a%CC%80-14.14.01.png?resize=700%2C400&ssl=1 2x, https:\/\/i0.wp.com\/lampda.fr\/wp-content\/uploads\/2020\/06\/Capture-d%E2%80%99e%CC%81cran-2020-06-13-a%CC%80-14.14.01.png?resize=1050%2C600&ssl=1 3x, https:\/\/i0.wp.com\/lampda.fr\/wp-content\/uploads\/2020\/06\/Capture-d%E2%80%99e%CC%81cran-2020-06-13-a%CC%80-14.14.01.png?resize=1400%2C800&ssl=1 4x"},"classes":[]},{"id":229,"url":"https:\/\/lampda.fr\/index.php\/2018\/05\/07\/les-jardins-de-guinot-20-mai-2018\/","url_meta":{"origin":786,"position":1},"title":"Les Jardins de Guinot 20 Mai 2018","author":"Monsieur Lampda","date":"7 mai 2018","format":false,"excerpt":"Lampda expose Dimanche 20 Mai 2018 dans les Jardins de Guinot \u00e0 Saint Ouen. Ambiance tr\u00e8s cool au programme et une vingtaine de chouettes cr\u00e9ateurs :) Plus d\u2019infos par ici ;) \u00a0 \u00a0","rel":"","context":"Dans &quot;Non class\u00e9&quot;","block_context":{"text":"Non class\u00e9","link":"https:\/\/lampda.fr\/index.php\/category\/non-classe\/"},"img":{"alt_text":"","src":"https:\/\/i0.wp.com\/lampda.fr\/wp-content\/uploads\/2018\/05\/ACC429CD-38D1-4156-9044-13A8A8DB92E7-295x300.png?resize=350%2C200&ssl=1","width":350,"height":200},"classes":[]},{"id":3743,"url":"https:\/\/lampda.fr\/index.php\/2020\/10\/29\/les-amis-createurs\/","url_meta":{"origin":786,"position":2},"title":"Les amis cr\u00e9ateurs","author":"Monsieur Lampda","date":"29 octobre 2020","format":false,"excerpt":"L'annonce lourde de cons\u00e9quences est tomb\u00e9e. Le confinement est \u00e0 nouveau de mise et les suites s'annoncent tr\u00e8s compliqu\u00e9es pour nombre d'entre nous. Nous souhaitons bon courage aux g\u00e9rants des belles boutiques sans qui nous n'aurions pas le plaisir de faire briller vos yeux. La France est un beau pays\u2026","rel":"","context":"Dans &quot;Non class\u00e9&quot;","block_context":{"text":"Non class\u00e9","link":"https:\/\/lampda.fr\/index.php\/category\/non-classe\/"},"img":{"alt_text":"","src":"","width":0,"height":0},"classes":[]},{"id":3998,"url":"https:\/\/lampda.fr\/index.php\/2020\/12\/07\/sept-a-huit\/","url_meta":{"origin":786,"position":3},"title":"Sept \u00e0 Huit","author":"Monsieur Lampda","date":"7 d\u00e9cembre 2020","format":false,"excerpt":"LAMPDA s'expose\u2026dans Sept \u00e0 Huit sur TF1 ! Au milieu des belles cr\u00e9ations des amis de chez PoooW !","rel":"","context":"Dans &quot;Non class\u00e9&quot;","block_context":{"text":"Non class\u00e9","link":"https:\/\/lampda.fr\/index.php\/category\/non-classe\/"},"img":{"alt_text":"TF1 \u2014 Wikip\u00e9dia","src":"https:\/\/upload.wikimedia.org\/wikipedia\/fr\/thumb\/7\/77\/TF1_%282013%29.svg\/1200px-TF1_%282013%29.svg.png","width":350,"height":200},"classes":[]},{"id":3985,"url":"https:\/\/lampda.fr\/index.php\/2020\/12\/05\/marche-de-noel-anthy\/","url_meta":{"origin":786,"position":4},"title":"March\u00e9 de No\u00ebl Anthy","author":"Monsieur Lampda","date":"5 d\u00e9cembre 2020","format":false,"excerpt":"LAMPDA y sera ! Venez avec votre plus beau masque pour craquer sur la plus belle des lampes","rel":"","context":"Dans &quot;Non class\u00e9&quot;","block_context":{"text":"Non class\u00e9","link":"https:\/\/lampda.fr\/index.php\/category\/non-classe\/"},"img":{"alt_text":"","src":"https:\/\/i0.wp.com\/lampda.fr\/wp-content\/uploads\/2020\/12\/Affiche-marche%CC%81-Noe%CC%88l_page-0001-scaled.jpg?resize=350%2C200&ssl=1","width":350,"height":200,"srcset":"https:\/\/i0.wp.com\/lampda.fr\/wp-content\/uploads\/2020\/12\/Affiche-marche%CC%81-Noe%CC%88l_page-0001-scaled.jpg?resize=350%2C200&ssl=1 1x, https:\/\/i0.wp.com\/lampda.fr\/wp-content\/uploads\/2020\/12\/Affiche-marche%CC%81-Noe%CC%88l_page-0001-scaled.jpg?resize=525%2C300&ssl=1 1.5x, https:\/\/i0.wp.com\/lampda.fr\/wp-content\/uploads\/2020\/12\/Affiche-marche%CC%81-Noe%CC%88l_page-0001-scaled.jpg?resize=700%2C400&ssl=1 2x, https:\/\/i0.wp.com\/lampda.fr\/wp-content\/uploads\/2020\/12\/Affiche-marche%CC%81-Noe%CC%88l_page-0001-scaled.jpg?resize=1050%2C600&ssl=1 3x, https:\/\/i0.wp.com\/lampda.fr\/wp-content\/uploads\/2020\/12\/Affiche-marche%CC%81-Noe%CC%88l_page-0001-scaled.jpg?resize=1400%2C800&ssl=1 4x"},"classes":[]},{"id":4446,"url":"https:\/\/lampda.fr\/index.php\/2021\/04\/08\/article-juliette-ray\/","url_meta":{"origin":786,"position":5},"title":"Article Juliette Ray","author":"Monsieur Lampda","date":"8 avril 2021","format":false,"excerpt":"Voici un bel article sur l'upcycling que je vous invite \u00e0 lire pour encore mieux comprendre la d\u00e9marche de LAMPDA \ud83d\ude09 (source : Juliette Ray - https:\/\/www.agence-france-electricite.fr\/actualites\/upcycling-economies-energie\/) https:\/\/www.agence-france-electricite.fr\/actualites\/upcycling-economies-energie\/","rel":"","context":"Dans &quot;Non class\u00e9&quot;","block_context":{"text":"Non class\u00e9","link":"https:\/\/lampda.fr\/index.php\/category\/non-classe\/"},"img":{"alt_text":"","src":"","width":0,"height":0},"classes":[]}],"_links":{"self":[{"href":"https:\/\/lampda.fr\/index.php\/wp-json\/wp\/v2\/posts\/786","targetHints":{"allow":["GET"]}}],"collection":[{"href":"https:\/\/lampda.fr\/index.php\/wp-json\/wp\/v2\/posts"}],"about":[{"href":"https:\/\/lampda.fr\/index.php\/wp-json\/wp\/v2\/types\/post"}],"author":[{"embeddable":true,"href":"https:\/\/lampda.fr\/index.php\/wp-json\/wp\/v2\/users\/1"}],"replies":[{"embeddable":true,"href":"https:\/\/lampda.fr\/index.php\/wp-json\/wp\/v2\/comments?post=786"}],"version-history":[{"count":1,"href":"https:\/\/lampda.fr\/index.php\/wp-json\/wp\/v2\/posts\/786\/revisions"}],"predecessor-version":[{"id":789,"href":"https:\/\/lampda.fr\/index.php\/wp-json\/wp\/v2\/posts\/786\/revisions\/789"}],"wp:attachment":[{"href":"https:\/\/lampda.fr\/index.php\/wp-json\/wp\/v2\/media?parent=786"}],"wp:term":[{"taxonomy":"category","embeddable":true,"href":"https:\/\/lampda.fr\/index.php\/wp-json\/wp\/v2\/categories?post=786"},{"taxonomy":"post_tag","embeddable":true,"href":"https:\/\/lampda.fr\/index.php\/wp-json\/wp\/v2\/tags?post=786"}],"curies":[{"name":"wp","href":"https:\/\/api.w.org\/{rel}","templated":true}]}}